{"id":2641,"date":"2026-09-02T21:33:24","date_gmt":"2026-09-02T21:33:24","guid":{"rendered":"https:\/\/hechoencali.com\/periodismo\/?p=2641"},"modified":"2026-09-02T22:11:46","modified_gmt":"2026-09-02T22:11:46","slug":"cuando-la-paz-desaparece","status":"publish","type":"post","link":"https:\/\/hechoencali.com\/periodismo\/2026\/09\/02\/cuando-la-paz-desaparece\/","title":{"rendered":"Cuando la Paz desaparece"},"content":{"rendered":"<body><p><\/p>\n<h3>Reportajes<\/h3>\n<h1><strong>Cuando la Paz desaparece<\/strong><\/h1>\n<p><img decoding=\"async\" src=\"\/periodismo\/wp-content\/uploads\/2026\/09\/Movil-Paz.jpg\" alt=\"\" loading=\"lazy\"><br>\n<img decoding=\"async\" src=\"\/periodismo\/wp-content\/uploads\/2026\/09\/Portada-Paz.jpg\" alt=\"\" loading=\"lazy\"><\/p>\n<div>\n<p>Septiembre 2 \u2013 2026\u00a0<\/p>\n<p><strong>Por Laura Carolina Cruz\u00a0<\/strong><\/p>\n<p><span>El problema con las distop\u00edas es que, muchas veces, terminan encontrando eco en la realidad. Los Estados acaban pareci\u00e9ndose, en mayor o menor medida, a los escenarios que alguna vez imaginaron los libros. Para algunos, el giro pol\u00edtico que hoy atraviesa Am\u00e9rica Latina,\u00a0 y en particular Colombia, enfrenta hoy esas\u00a0 advertencias. <\/span><\/p>\n<p><span>En <em>1984<\/em>, George Orwell imagin\u00f3 un Estado que ejerc\u00eda el poder no solo mediante la vigilancia, sino tambi\u00e9n a trav\u00e9s del lenguaje. La <em>neolengua<\/em> reduc\u00eda progresivamente el n\u00famero de palabras disponibles hasta limitar la capacidad misma de pensar ciertas ideas. Al mismo tiempo, ministerios con nombres parad\u00f3jicos \u2014como el Ministerio de la Paz, encargado de la guerra, o el Ministerio de la Verdad, dedicado a reescribir la historia\u2014 mostraban c\u00f3mo el lenguaje pod\u00eda convertirse en un instrumento de poder. <\/span><\/p>\n<p><span>La realidad colombiana plantea una pregunta distinta, pero inevitablemente atravesada por esa intuici\u00f3n de Orwell: \u00bfqu\u00e9 ocurre cuando una palabra desaparece del lenguaje del Estado y por ende del escenario p\u00fablico?<\/span><\/p>\n<p><span>Hoy, la palabra paz desaparece del discurso oficial y de la arquitectura institucional. En su lugar aparecen expresiones como <em>\u201cFirmes con la Patria\u201d<\/em>, <em>\u201cPatria Milagro\u201d<\/em> o <em>\u201cseguridad\u201d<\/em>, que comienzan a ocupar el centro del relato del nuevo gobierno.<\/span><\/p>\n<p><span>No se trata \u00fanicamente de un cambio sem\u00e1ntico, sino de una disputa por el fin de un conflicto. Porque lo que no se nombra no existe y quien nombra, delimita; y quien delimita, en cierta medida, gobierna.<\/span><\/p>\n<p><span>Entre esas decisiones de gobernar la Consejer\u00eda para la Implementaci\u00f3n del Acuerdo de Paz no va m\u00e1s es reemplazada por una Consejer\u00eda de Seguridad, este cambio simboliza una nueva manera de entender las prioridades del Estado y la forma de enfrentar un conflicto armado que, a pocos meses de cumplirse diez a\u00f1os de la firma del Acuerdo de Paz, sigue lejos de resolverse. <\/span><\/p>\n<p><span>Si las distop\u00edas suelen encontrar eco en la realidad, las utop\u00edas tienen el problema contrario: rara vez se cumplen. Quiz\u00e1 por eso el Acuerdo de Paz ha transitado durante casi una d\u00e9cada entre avances concretos y promesas pendientes. Diferentes organizaciones que hacen seguimiento a su implementaci\u00f3n coinciden en que: existen logros importantes, pero la ejecuci\u00f3n sigue siendo parcial. Mientras la reincorporaci\u00f3n, la justicia transicional y la participaci\u00f3n pol\u00edtica muestran avances, la Reforma Rural Integral, las garant\u00edas de seguridad y la presencia efectiva del Estado en los territorios contin\u00faan siendo las grandes deudas. <\/span><\/p>\n<p><span>La seguridad, precisamente, sigue siendo el principal desaf\u00edo. Solo durante los primeros meses de 2026, m\u00e1s de 54.000 personas fueron v\u00edctimas de desplazamientos y por causa de la violencia, seg\u00fan la Defensor\u00eda del Pueblo. A ello se suman los asesinatos de l\u00edderes sociales y firmantes del Acuerdo, as\u00ed como las dificultades para consolidar la presencia del Estado en\u00a0 algunas\u00a0 regiones del pa\u00eds. <\/span><\/p>\n<p><span>La conclusi\u00f3n entre las organizaciones\u00a0 es que: el Acuerdo de Paz ha producido avances significativos, pero su consolidaci\u00f3n depender\u00e1 de la continuidad de su implementaci\u00f3n, de la voluntad pol\u00edtica y de la capacidad del Estado para responder a las necesidades de los territorios m\u00e1s afectados por el conflicto. <\/span><\/p>\n<p><span>En ese contexto, el nuevo gobierno plantea un cambio de narrativa. Mientras la administraci\u00f3n de Gustavo Petro hizo de la negociaci\u00f3n con los grupos armados y de la Paz Total el eje de su pol\u00edtica, tambi\u00e9n estuvo marcado por una visi\u00f3n de transformaci\u00f3n que para algunos sectores roz\u00f3 la utop\u00eda. La nueva apuesta prioriza la seguridad y el control territorial. M\u00e1s all\u00e1 de las comparaciones literarias, el debate de fondo enfrenta dos modelos de pa\u00eds: uno que privilegia la negociaci\u00f3n como herramienta para transformar el conflicto y otro que conf\u00eda en la seguridad impuesta por la fuerza como principal mecanismo para enfrentarlo.<\/span><\/p>\n<p><span>Si el gobierno de De la Espriella ha sido comparado por algunos sectores con la l\u00f3gica de <em>1984<\/em>, la obra de George Orwell, por el papel central de la seguridad, el control y el discurso del orden, el gobierno de Petro, para sus cr\u00edticos, se asemeja m\u00e1s a <em>Rebeli\u00f3n en la granja<\/em>, del mismo autor, una historia que muestra c\u00f3mo las promesas de transformaci\u00f3n pueden enfrentar contradicciones cuando llegan al poder.<\/span><\/p>\n<p>La pregunta, entonces, no es solo cu\u00e1l de estos modelos ser\u00e1 m\u00e1s efectivo. La verdadera inc\u00f3gnita es qu\u00e9 consecuencias tendr\u00e1 ese cambio de enfoque para la implementaci\u00f3n del Acuerdo de Paz, los derechos humanos y las comunidades que a\u00fan esperan una presencia integral del Estado.<\/p>\n<\/div>\n<h1><strong>Del di\u00e1logo a la confrontaci\u00f3n<\/strong><\/h1>\n<div>\n<p><span>Para comprender los retos que enfrentar\u00e1 la pol\u00edtica de paz y seguridad en el nuevo gobierno, conversamos con Laura Bonilla, subdirectora de la Fundaci\u00f3n Paz y Reconciliaci\u00f3n (Pares), quien analiza los aciertos y las limitaciones de la Paz Total, el regreso de una pol\u00edtica de seguridad m\u00e1s contundente y los riesgos que ello podr\u00eda representar para la implementaci\u00f3n del Acuerdo de Paz. <\/span><\/p>\n<\/div>\n<p><img decoding=\"async\" src=\"\/periodismo\/wp-content\/uploads\/2026\/09\/Parte-II.jpg\" alt=\"\" loading=\"lazy\"><\/p>\n<div>\n<p><span>Para Bonilla, la principal fortaleza de la Paz Total fue su car\u00e1cter innovador. \u201cPor primera vez Colombia intent\u00f3 abrir espacios de di\u00e1logo, no solo con grupos armados de origen pol\u00edtico, sino tambi\u00e9n, con organizaciones criminales que hist\u00f3ricamente hab\u00edan quedado por fuera de los procesos de negociaci\u00f3n\u201d.\u00a0<\/span><span>Sin embargo, esa misma apuesta termin\u00f3 convirti\u00e9ndose en una de sus principales debilidades. La falta de capacidad institucional y presupuestal para sostener m\u00faltiples mesas de di\u00e1logo, sumada al desconocimiento de la naturaleza de algunas estructuras armadas, permiti\u00f3 que varias organizaciones fortalecieran su presencia territorial mientras avanzaban las negociaciones. Adem\u00e1s, los mecanismos de justicia y reparaci\u00f3n no siempre lograron responder a las expectativas de las v\u00edctimas ni a las necesidades de transformaci\u00f3n de los territorios. <\/span><\/p>\n<p><span>Uno de los principales cuestionamientos al Acuerdo de Paz ha sido el supuesto nivel de impunidad frente a los responsables de graves violaciones de derechos humanos. Bonilla sostiene que \u201cla justicia transicional ofrece mayores posibilidades de verdad, reparaci\u00f3n y no repetici\u00f3n que la justicia ordinaria, la cual dif\u00edcilmente podr\u00eda procesar estructuras armadas con miles de integrantes\u201d.\u00a0<\/span><span>Aun as\u00ed, advierte que el principal problema no ha sido la desmovilizaci\u00f3n de los combatientes, sino la incapacidad del Estado para evitar que nuevos grupos ocupen los territorios donde persisten las condiciones que alimentan el conflicto.<\/span><\/p>\n<p><span>Aunque el presidente Abelardo de la Espriella ha anunciado una pol\u00edtica de seguridad m\u00e1s contundente, Bonilla considera que la idea de la \u201cmano dura\u201d como sin\u00f3nimo de efectividad es, en buena medida, un mito. A su juicio, una pol\u00edtica de seguridad exitosa depende m\u00e1s de la inteligencia, el control financiero de las organizaciones criminales, el combate al tr\u00e1fico de armas y la prevenci\u00f3n del reclutamiento que del incremento de operaciones militares.<\/span><\/p>\n<p><span>Tambi\u00e9n advierte que el contexto actual es muy distinto al que enfrent\u00f3 el gobierno de \u00c1lvaro Uribe. Hoy no existe un enemigo claramente identificado como lo fueron las FARC ni un respaldo internacional comparable al del Plan Colombia, por lo que replicar ese modelo resulta mucho m\u00e1s complejo.<\/span><\/p>\n<\/div>\n<div>\n<p>    <iframe loading=\"lazy\" width=\"100%\" height=\"166\" scrolling=\"no\" frameborder=\"no\" allow=\"autoplay; encrypted-media\" src=\"https:\/\/w.soundcloud.com\/player\/?url=https%3A\/\/api.soundcloud.com\/tracks\/soundcloud%253Atracks%253A2393348667&amp;color=%23ff5500&amp;auto_play=false&amp;hide_related=false&amp;show_comments=true&amp;show_user=true&amp;show_reposts=false&amp;show_teaser=true\"><\/iframe><\/p>\n<div style=\"font-size: 10px; color: #cccccc;line-break: anywhere;word-break: normal;overflow: hidden;white-space: nowrap;text-overflow: ellipsis; font-family: Interstate,Lucida Grande,Lucida Sans Unicode,Lucida Sans,Garuda,Verdana,Tahoma,sans-serif;font-weight: 100;\"><a href=\"https:\/\/soundcloud.com\/user-405892733\" title=\"hechoencaliperiodismo\" target=\"_blank\" style=\"color: #cccccc; text-decoration: none;\">hechoencaliperiodismo<\/a> \u00b7 <a href=\"https:\/\/soundcloud.com\/user-405892733\/laura-1-editado-esv2-100p-bg-m-music-m-1\" title=\"Las bondades de la Paz Total\" target=\"_blank\" style=\"color: #cccccc; text-decoration: none;\">Las bondades de la Paz Total<\/a><\/div>\n<\/div>\n<div>\n<p><span>Respecto a la relaci\u00f3n con Estados Unidos, Bonilla asegura que la pol\u00edtica de seguridad de Donald Trump podr\u00eda responder m\u00e1s a intereses geopol\u00edticos que a las necesidades de Colombia. Aunque la cooperaci\u00f3n militar puede fortalecer capacidades t\u00e9cnicas, considera indispensable que el pa\u00eds mantenga una estrategia con mayor autonom\u00eda para evitar que la lucha contra el crimen organizado quede subordinada a los intereses de Washington. <\/span><\/p>\n<p><span>Uno de los mayores riesgos de una pol\u00edtica de seguridad centrada exclusivamente en la acci\u00f3n militar es el aumento de las afectaciones contra la poblaci\u00f3n civil. Bonilla se\u00f1ala que una estrategia basada en resultados operativos puede incentivar pr\u00e1cticas como las capturas masivas, las judicializaciones indiscriminadas y el uso excesivo de medidas excepcionales.<\/span><\/p>\n<p><span>Tambi\u00e9n alerta sobre el posible regreso de la l\u00f3gica del \u201cenemigo interno\u201d, que podr\u00eda terminar asociando a organizaciones sociales con estructuras armadas y afectar a comunidades que hoy representan una barrera frente a la expansi\u00f3n del crimen organizado. <\/span><\/p>\n<\/div>\n<div>\n<p>    <iframe loading=\"lazy\" width=\"100%\" height=\"166\" scrolling=\"no\" frameborder=\"no\" allow=\"autoplay; encrypted-media\" src=\"https:\/\/w.soundcloud.com\/player\/?url=https%3A\/\/api.soundcloud.com\/tracks\/soundcloud%253Atracks%253A2393348670&amp;color=%23ff5500&amp;auto_play=false&amp;hide_related=false&amp;show_comments=true&amp;show_user=true&amp;show_reposts=false&amp;show_teaser=true\"><\/iframe><\/p>\n<div style=\"font-size: 10px; color: #cccccc;line-break: anywhere;word-break: normal;overflow: hidden;white-space: nowrap;text-overflow: ellipsis; font-family: Interstate,Lucida Grande,Lucida Sans Unicode,Lucida Sans,Garuda,Verdana,Tahoma,sans-serif;font-weight: 100;\"><a href=\"https:\/\/soundcloud.com\/user-405892733\" title=\"hechoencaliperiodismo\" target=\"_blank\" style=\"color: #cccccc; text-decoration: none;\">hechoencaliperiodismo<\/a> \u00b7 <a href=\"https:\/\/soundcloud.com\/user-405892733\/laura-2-editado-esv2-100p-bg-m-music-m-2\" title=\"Las desventajas de la negociaci\u00f3n\" target=\"_blank\" style=\"color: #cccccc; text-decoration: none;\">Las desventajas de la negociaci\u00f3n<\/a><\/div>\n<\/div>\n<div>\n<p><span>Para la investigadora, un gobierno que privilegie \u00fanicamente el sometimiento de los grupos armados dejar\u00eda por fuera a muchas v\u00edctimas de los mecanismos de verdad, justicia y reparaci\u00f3n propios de la justicia transicional. <\/span><\/p>\n<p><span>Sobre la creaci\u00f3n de una Consejer\u00eda de Seguridad, Bonilla considera que Colombia ya cuenta con una institucionalidad s\u00f3lida en esa materia y que el verdadero riesgo no radica en crear una nueva instancia, sino en debilitar la estructura encargada de implementar el Acuerdo de Paz. Al desaparecer esos equipos t\u00e9cnicos, dice, tambi\u00e9n se pierde el avance logrado durante la \u00faltima d\u00e9cada en la construcci\u00f3n de una pol\u00edtica de seguridad con liderazgo civil y en la continuidad de los compromisos adquiridos desde 2016.\u00a0\u00a0\u00a0 <\/span><\/p>\n<p><span>Ahora la pregunta que enfrenta Colombia no es cu\u00e1l pol\u00edtica p\u00fablica es m\u00e1s efectiva para poner fin a una violencia que ha sido una sombra\u00a0 del\u00a0 pa\u00eds durante d\u00e9cadas. La verdadera pregunta es \u00bfQu\u00e9 le espera a una sociedad que decide borrar la palabra paz de su narrativa y de su historia?. Orwell mostr\u00f3 que las palabras construyen realidades. Cuando una palabra deja de existir en el discurso p\u00fablico, tambi\u00e9n se vuelve m\u00e1s dif\u00edcil imaginarla, so\u00f1arla, exigir y convertirla en una posibilidad. Y cuando desaparece del lenguaje oficial, corre el riesgo de desaparecer tambi\u00e9n de las decisiones del Estado, como parece ocurrir con el nuevo gobierno.<\/span><\/p>\n<\/div>\n<div>\n<p>    <iframe loading=\"lazy\" width=\"100%\" height=\"166\" scrolling=\"no\" frameborder=\"no\" allow=\"autoplay; encrypted-media\" src=\"https:\/\/w.soundcloud.com\/player\/?url=https%3A\/\/api.soundcloud.com\/tracks\/soundcloud%253Atracks%253A2393348664&amp;color=%23ff5500&amp;auto_play=false&amp;hide_related=false&amp;show_comments=true&amp;show_user=true&amp;show_reposts=false&amp;show_teaser=true\"><\/iframe><\/p>\n<div style=\"font-size: 10px; color: #cccccc;line-break: anywhere;word-break: normal;overflow: hidden;white-space: nowrap;text-overflow: ellipsis; font-family: Interstate,Lucida Grande,Lucida Sans Unicode,Lucida Sans,Garuda,Verdana,Tahoma,sans-serif;font-weight: 100;\"><a href=\"https:\/\/soundcloud.com\/user-405892733\" title=\"hechoencaliperiodismo\" target=\"_blank\" style=\"color: #cccccc; text-decoration: none;\">hechoencaliperiodismo<\/a> \u00b7 <a href=\"https:\/\/soundcloud.com\/user-405892733\/laura-3-editado-esv2-100p-bg-m-music-m-3\" title=\"La Justicia Transicional y la impunidad\" target=\"_blank\" style=\"color: #cccccc; text-decoration: none;\">La Justicia Transicional y la impunidad<\/a><\/div>\n<\/div>\n<div>\n<p><span>A diez a\u00f1os de la firma del Acuerdo de Paz, es evidente que su implementaci\u00f3n ha sido incompleta y que a\u00fan persisten enormes desaf\u00edos. Sin embargo, tambi\u00e9n ha dejado avances que ser\u00eda un error desconocer. Quiz\u00e1 el mayor reto de Colombia sea entender que la paz no puede depender \u00fanicamente de un gobierno, sino de la capacidad de la sociedad para defenderla como un prop\u00f3sito com\u00fan y mantenerla como un horizonte posible.<\/span><\/p>\n<\/div>\n<p><!--more--><br>\n<!-- {\"type\":\"layout\",\"children\":[{\"type\":\"section\",\"props\":{\"css\":\".el-section {\\n\\n\\tbackground:#F8921E;\\n}\",\"image_position\":\"center-center\",\"padding\":\"xsmall\",\"style\":\"default\",\"title_breakpoint\":\"xl\",\"title_position\":\"top-left\",\"title_rotation\":\"left\",\"vertical_align\":\"\",\"width\":\"default\"},\"children\":[{\"type\":\"row\",\"children\":[{\"type\":\"column\",\"props\":{\"image_position\":\"center-center\",\"position_sticky_breakpoint\":\"m\"},\"children\":[{\"type\":\"headline\",\"props\":{\"content\":\"Reportajes\",\"text_align\":\"center\",\"title_decoration\":\"line\",\"title_element\":\"h3\"}}]}]}],\"name\":\"TITULO ARTICULO\"},{\"type\":\"section\",\"props\":{\"image_position\":\"center-center\",\"padding\":\"small\",\"style\":\"secondary\",\"title_breakpoint\":\"xl\",\"title_position\":\"top-left\",\"title_rotation\":\"left\",\"vertical_align\":\"\",\"width\":\"default\"},\"children\":[{\"type\":\"row\",\"children\":[{\"type\":\"column\",\"props\":{\"image_position\":\"center-center\",\"position_sticky_breakpoint\":\"m\"},\"children\":[{\"type\":\"headline\",\"props\":{\"content\":\"<strong>Cuando la Paz desaparece<\\\/strong>\",\"text_align\":\"center\",\"title_decoration\":\"bullet\",\"title_element\":\"h1\"}}]}]}],\"name\":\"TITULO ARTICULO\"},{\"type\":\"section\",\"props\":{\"image_position\":\"center-center\",\"padding\":\"none\",\"style\":\"default\",\"title_breakpoint\":\"xl\",\"title_position\":\"top-left\",\"title_rotation\":\"left\",\"vertical_align\":\"\",\"width\":\"\"},\"children\":[{\"type\":\"row\",\"props\":{\"margin_remove_bottom\":false,\"margin_remove_top\":false},\"children\":[{\"type\":\"column\",\"props\":{\"image_position\":\"center-center\",\"position_sticky_breakpoint\":\"m\"},\"children\":[{\"type\":\"image\",\"props\":{\"class\":\"uk-hidden@s\",\"image\":\"wp-content\\\/uploads\\\/2026\\\/09\\\/Movil-Paz.jpg\",\"image_svg_color\":\"emphasis\",\"margin\":\"default\",\"text_align\":\"center\"},\"name\":\"FOTO MOBILE\"},{\"type\":\"image\",\"props\":{\"class\":\"uk-visible@s\",\"image\":\"wp-content\\\/uploads\\\/2026\\\/09\\\/Portada-Paz.jpg\",\"image_svg_color\":\"emphasis\",\"image_width\":3000,\"margin\":\"default\",\"margin_remove_top\":true,\"text_align\":\"center\"},\"name\":\"FOTO ESCRITORIO\"}]}]}],\"name\":\"FOTO-PORTADA-ARTICULO\"},{\"type\":\"section\",\"props\":{\"image_position\":\"center-center\",\"padding\":\"xsmall\",\"style\":\"default\",\"title_breakpoint\":\"xl\",\"title_position\":\"top-left\",\"title_rotation\":\"left\",\"vertical_align\":\"\",\"width\":\"default\"},\"children\":[{\"type\":\"row\",\"children\":[{\"type\":\"column\",\"props\":{\"image_position\":\"center-center\",\"position_sticky_breakpoint\":\"m\"},\"children\":[{\"type\":\"text\",\"props\":{\"column_breakpoint\":\"m\",\"content\":\"\n\n<p>Septiembre 2 - 2026\\u00a0<br \\\/><br \\\/><strong>Por Laura Carolina Cruz\\u00a0<\\\/strong><\\\/p>\\n\n\n<p><span>El problema con las distop\\u00edas es que, muchas veces, terminan encontrando eco en la realidad. Los Estados acaban pareci\\u00e9ndose, en mayor o menor medida, a los escenarios que alguna vez imaginaron los libros. Para algunos, el giro pol\\u00edtico que hoy atraviesa Am\\u00e9rica Latina,\\u00a0 y en particular Colombia, enfrenta hoy esas\\u00a0 advertencias. <\\\/span><\\\/p>\\n\n\n<p><span>En <em>1984<\\\/em>, George Orwell imagin\\u00f3 un Estado que ejerc\\u00eda el poder no solo mediante la vigilancia, sino tambi\\u00e9n a trav\\u00e9s del lenguaje. La <em>neolengua<\\\/em> reduc\\u00eda progresivamente el n\\u00famero de palabras disponibles hasta limitar la capacidad misma de pensar ciertas ideas. Al mismo tiempo, ministerios con nombres parad\\u00f3jicos \\u2014como el Ministerio de la Paz, encargado de la guerra, o el Ministerio de la Verdad, dedicado a reescribir la historia\\u2014 mostraban c\\u00f3mo el lenguaje pod\\u00eda convertirse en un instrumento de poder. <\\\/span><\\\/p>\\n\n\n<p><span>La realidad colombiana plantea una pregunta distinta, pero inevitablemente atravesada por esa intuici\\u00f3n de Orwell: \\u00bfqu\\u00e9 ocurre cuando una palabra desaparece del lenguaje del Estado y por ende del escenario p\\u00fablico?<\\\/span><\\\/p>\\n\n\n<p><span>Hoy, la palabra paz desaparece del discurso oficial y de la arquitectura institucional. En su lugar aparecen expresiones como <em>\\\"Firmes con la Patria\\\"<\\\/em>, <em>\\\"Patria Milagro\\\"<\\\/em> o <em>\\\"seguridad\\\"<\\\/em>, que comienzan a ocupar el centro del relato del nuevo gobierno.<\\\/span><\\\/p>\\n\n\n<p><span>No se trata \\u00fanicamente de un cambio sem\\u00e1ntico, sino de una disputa por el fin de un conflicto. Porque lo que no se nombra no existe y quien nombra, delimita; y quien delimita, en cierta medida, gobierna.<\\\/span><\\\/p>\\n\n\n<p><span>Entre esas decisiones de gobernar la Consejer\\u00eda para la Implementaci\\u00f3n del Acuerdo de Paz no va m\\u00e1s es reemplazada por una Consejer\\u00eda de Seguridad, este cambio simboliza una nueva manera de entender las prioridades del Estado y la forma de enfrentar un conflicto armado que, a pocos meses de cumplirse diez a\\u00f1os de la firma del Acuerdo de Paz, sigue lejos de resolverse. <\\\/span><\\\/p>\\n\n\n<p><span>Si las distop\\u00edas suelen encontrar eco en la realidad, las utop\\u00edas tienen el problema contrario: rara vez se cumplen. Quiz\\u00e1 por eso el Acuerdo de Paz ha transitado durante casi una d\\u00e9cada entre avances concretos y promesas pendientes. Diferentes organizaciones que hacen seguimiento a su implementaci\\u00f3n coinciden en que: existen logros importantes, pero la ejecuci\\u00f3n sigue siendo parcial. Mientras la reincorporaci\\u00f3n, la justicia transicional y la participaci\\u00f3n pol\\u00edtica muestran avances, la Reforma Rural Integral, las garant\\u00edas de seguridad y la presencia efectiva del Estado en los territorios contin\\u00faan siendo las grandes deudas. <\\\/span><\\\/p>\\n\n\n<p><span>La seguridad, precisamente, sigue siendo el principal desaf\\u00edo. Solo durante los primeros meses de 2026, m\\u00e1s de 54.000 personas fueron v\\u00edctimas de desplazamientos y por causa de la violencia, seg\\u00fan la Defensor\\u00eda del Pueblo. A ello se suman los asesinatos de l\\u00edderes sociales y firmantes del Acuerdo, as\\u00ed como las dificultades para consolidar la presencia del Estado en\\u00a0 algunas\\u00a0 regiones del pa\\u00eds. <\\\/span><\\\/p>\\n\n\n<p><span>La conclusi\\u00f3n entre las organizaciones\\u00a0 es que: el Acuerdo de Paz ha producido avances significativos, pero su consolidaci\\u00f3n depender\\u00e1 de la continuidad de su implementaci\\u00f3n, de la voluntad pol\\u00edtica y de la capacidad del Estado para responder a las necesidades de los territorios m\\u00e1s afectados por el conflicto. <\\\/span><\\\/p>\\n\n\n<p><span>En ese contexto, el nuevo gobierno plantea un cambio de narrativa. Mientras la administraci\\u00f3n de Gustavo Petro hizo de la negociaci\\u00f3n con los grupos armados y de la Paz Total el eje de su pol\\u00edtica, tambi\\u00e9n estuvo marcado por una visi\\u00f3n de transformaci\\u00f3n que para algunos sectores roz\\u00f3 la utop\\u00eda. La nueva apuesta prioriza la seguridad y el control territorial. M\\u00e1s all\\u00e1 de las comparaciones literarias, el debate de fondo enfrenta dos modelos de pa\\u00eds: uno que privilegia la negociaci\\u00f3n como herramienta para transformar el conflicto y otro que conf\\u00eda en la seguridad impuesta por la fuerza como principal mecanismo para enfrentarlo.<\\\/span><\\\/p>\\n\n\n<p><span>Si el gobierno de De la Espriella ha sido comparado por algunos sectores con la l\\u00f3gica de <em>1984<\\\/em>, la obra de George Orwell, por el papel central de la seguridad, el control y el discurso del orden, el gobierno de Petro, para sus cr\\u00edticos, se asemeja m\\u00e1s a <em>Rebeli\\u00f3n en la granja<\\\/em>, del mismo autor, una historia que muestra c\\u00f3mo las promesas de transformaci\\u00f3n pueden enfrentar contradicciones cuando llegan al poder.<\\\/span><\\\/p>\\n\n\n<p>La pregunta, entonces, no es solo cu\\u00e1l de estos modelos ser\\u00e1 m\\u00e1s efectivo. La verdadera inc\\u00f3gnita es qu\\u00e9 consecuencias tendr\\u00e1 ese cambio de enfoque para la implementaci\\u00f3n del Acuerdo de Paz, los derechos humanos y las comunidades que a\\u00fan esperan una presencia integral del Estado.<\\\/p>\",\"margin\":\"default\",\"text_align\":\"justify\"}}]}]}]},{\"type\":\"section\",\"props\":{\"image_position\":\"center-center\",\"padding\":\"xsmall\",\"style\":\"secondary\",\"title_breakpoint\":\"xl\",\"title_position\":\"top-left\",\"title_rotation\":\"left\",\"vertical_align\":\"middle\",\"width\":\"default\"},\"children\":[{\"type\":\"row\",\"children\":[{\"type\":\"column\",\"props\":{\"image_position\":\"center-center\",\"position_sticky_breakpoint\":\"m\"},\"children\":[{\"type\":\"headline\",\"props\":{\"content\":\"<strong>Del di\\u00e1logo a la confrontaci\\u00f3n<\\\/strong>\",\"text_align\":\"center\",\"title_element\":\"h1\"}}]}]}]},{\"type\":\"section\",\"props\":{\"image_position\":\"center-center\",\"padding\":\"xsmall\",\"style\":\"default\",\"title_breakpoint\":\"xl\",\"title_position\":\"top-left\",\"title_rotation\":\"left\",\"vertical_align\":\"middle\",\"width\":\"default\"},\"children\":[{\"type\":\"row\",\"children\":[{\"type\":\"column\",\"props\":{\"image_position\":\"center-center\",\"position_sticky_breakpoint\":\"m\"},\"children\":[{\"type\":\"text\",\"props\":{\"column_breakpoint\":\"m\",\"content\":\"\n\n<p><span>Para comprender los retos que enfrentar\\u00e1 la pol\\u00edtica de paz y seguridad en el nuevo gobierno, conversamos con Laura Bonilla, subdirectora de la Fundaci\\u00f3n Paz y Reconciliaci\\u00f3n (Pares), quien analiza los aciertos y las limitaciones de la Paz Total, el regreso de una pol\\u00edtica de seguridad m\\u00e1s contundente y los riesgos que ello podr\\u00eda representar para la implementaci\\u00f3n del Acuerdo de Paz. <\\\/span><\\\/p>\",\"margin\":\"default\",\"text_align\":\"justify\"}}]}]}]},{\"type\":\"section\",\"props\":{\"image_position\":\"center-center\",\"padding\":\"none\",\"style\":\"default\",\"title_breakpoint\":\"xl\",\"title_position\":\"top-left\",\"title_rotation\":\"left\",\"vertical_align\":\"middle\",\"width\":\"\"},\"children\":[{\"type\":\"row\",\"children\":[{\"type\":\"column\",\"props\":{\"image_position\":\"center-center\",\"position_sticky_breakpoint\":\"m\"},\"children\":[{\"type\":\"image\",\"props\":{\"image\":\"wp-content\\\/uploads\\\/2026\\\/09\\\/Parte-II.jpg\",\"image_svg_color\":\"emphasis\",\"image_width\":3000,\"margin\":\"default\"}}]}]}]},{\"type\":\"section\",\"props\":{\"image_position\":\"center-center\",\"padding\":\"xsmall\",\"style\":\"default\",\"title_breakpoint\":\"xl\",\"title_position\":\"top-left\",\"title_rotation\":\"left\",\"vertical_align\":\"middle\",\"width\":\"default\"},\"children\":[{\"type\":\"row\",\"children\":[{\"type\":\"column\",\"props\":{\"image_position\":\"center-center\",\"position_sticky_breakpoint\":\"m\"},\"children\":[{\"type\":\"text\",\"props\":{\"column_breakpoint\":\"m\",\"content\":\"\n\n<p><span>Para Bonilla, la principal fortaleza de la Paz Total fue su car\\u00e1cter innovador. \\u201cPor primera vez Colombia intent\\u00f3 abrir espacios de di\\u00e1logo, no solo con grupos armados de origen pol\\u00edtico, sino tambi\\u00e9n, con organizaciones criminales que hist\\u00f3ricamente hab\\u00edan quedado por fuera de los procesos de negociaci\\u00f3n\\u201d.\\u00a0<\\\/span><span>Sin embargo, esa misma apuesta termin\\u00f3 convirti\\u00e9ndose en una de sus principales debilidades. La falta de capacidad institucional y presupuestal para sostener m\\u00faltiples mesas de di\\u00e1logo, sumada al desconocimiento de la naturaleza de algunas estructuras armadas, permiti\\u00f3 que varias organizaciones fortalecieran su presencia territorial mientras avanzaban las negociaciones. Adem\\u00e1s, los mecanismos de justicia y reparaci\\u00f3n no siempre lograron responder a las expectativas de las v\\u00edctimas ni a las necesidades de transformaci\\u00f3n de los territorios. <\\\/span><\\\/p>\\n\n\n<p><span>Uno de los principales cuestionamientos al Acuerdo de Paz ha sido el supuesto nivel de impunidad frente a los responsables de graves violaciones de derechos humanos. Bonilla sostiene que \\u201cla justicia transicional ofrece mayores posibilidades de verdad, reparaci\\u00f3n y no repetici\\u00f3n que la justicia ordinaria, la cual dif\\u00edcilmente podr\\u00eda procesar estructuras armadas con miles de integrantes\\u201d.\\u00a0<\\\/span><span>Aun as\\u00ed, advierte que el principal problema no ha sido la desmovilizaci\\u00f3n de los combatientes, sino la incapacidad del Estado para evitar que nuevos grupos ocupen los territorios donde persisten las condiciones que alimentan el conflicto.<\\\/span><\\\/p>\\n\n\n<p><span>Aunque el presidente Abelardo de la Espriella ha anunciado una pol\\u00edtica de seguridad m\\u00e1s contundente, Bonilla considera que la idea de la \\\"mano dura\\\" como sin\\u00f3nimo de efectividad es, en buena medida, un mito. A su juicio, una pol\\u00edtica de seguridad exitosa depende m\\u00e1s de la inteligencia, el control financiero de las organizaciones criminales, el combate al tr\\u00e1fico de armas y la prevenci\\u00f3n del reclutamiento que del incremento de operaciones militares.<\\\/span><\\\/p>\\n\n\n<p><span>Tambi\\u00e9n advierte que el contexto actual es muy distinto al que enfrent\\u00f3 el gobierno de \\u00c1lvaro Uribe. Hoy no existe un enemigo claramente identificado como lo fueron las FARC ni un respaldo internacional comparable al del Plan Colombia, por lo que replicar ese modelo resulta mucho m\\u00e1s complejo.<\\\/span><\\\/p>\",\"margin\":\"default\",\"text_align\":\"justify\"}}]}]}]},{\"type\":\"section\",\"props\":{\"image_position\":\"center-center\",\"padding\":\"xsmall\",\"style\":\"default\",\"title_breakpoint\":\"xl\",\"title_position\":\"top-left\",\"title_rotation\":\"left\",\"vertical_align\":\"middle\",\"width\":\"default\"},\"children\":[{\"type\":\"row\",\"children\":[{\"type\":\"column\",\"props\":{\"image_position\":\"center-center\",\"position_sticky_breakpoint\":\"m\"},\"children\":[{\"type\":\"html\",\"props\":{\"content\":\"<iframe width=\\\"100%\\\" height=\\\"166\\\" scrolling=\\\"no\\\" frameborder=\\\"no\\\" allow=\\\"autoplay; encrypted-media\\\" src=\\\"https:\\\/\\\/w.soundcloud.com\\\/player\\\/?url=https%3A\\\/\\\/api.soundcloud.com\\\/tracks\\\/soundcloud%253Atracks%253A2393348667&color=%23ff5500&auto_play=false&hide_related=false&show_comments=true&show_user=true&show_reposts=false&show_teaser=true\\\"><\\\/iframe>\n\n<div style=\\\"font-size: 10px; color: #cccccc;line-break: anywhere;word-break: normal;overflow: hidden;white-space: nowrap;text-overflow: ellipsis; font-family: Interstate,Lucida Grande,Lucida Sans Unicode,Lucida Sans,Garuda,Verdana,Tahoma,sans-serif;font-weight: 100;\\\"><a href=\\\"https:\\\/\\\/soundcloud.com\\\/user-405892733\\\" title=\\\"hechoencaliperiodismo\\\" target=\\\"_blank\\\" style=\\\"color: #cccccc; text-decoration: none;\\\">hechoencaliperiodismo<\\\/a> \\u00b7 <a href=\\\"https:\\\/\\\/soundcloud.com\\\/user-405892733\\\/laura-1-editado-esv2-100p-bg-m-music-m-1\\\" title=\\\"Las bondades de la Paz Total\\\" target=\\\"_blank\\\" style=\\\"color: #cccccc; text-decoration: none;\\\">Las bondades de la Paz Total<\\\/a><\\\/div>\"}}]}]}]},{\"type\":\"section\",\"props\":{\"image_position\":\"center-center\",\"padding\":\"xsmall\",\"style\":\"default\",\"title_breakpoint\":\"xl\",\"title_position\":\"top-left\",\"title_rotation\":\"left\",\"vertical_align\":\"middle\",\"width\":\"default\"},\"children\":[{\"type\":\"row\",\"children\":[{\"type\":\"column\",\"props\":{\"image_position\":\"center-center\",\"position_sticky_breakpoint\":\"m\"},\"children\":[{\"type\":\"text\",\"props\":{\"column_breakpoint\":\"m\",\"content\":\"\n\n<p><span>Respecto a la relaci\\u00f3n con Estados Unidos, Bonilla asegura que la pol\\u00edtica de seguridad de Donald Trump podr\\u00eda responder m\\u00e1s a intereses geopol\\u00edticos que a las necesidades de Colombia. Aunque la cooperaci\\u00f3n militar puede fortalecer capacidades t\\u00e9cnicas, considera indispensable que el pa\\u00eds mantenga una estrategia con mayor autonom\\u00eda para evitar que la lucha contra el crimen organizado quede subordinada a los intereses de Washington. <\\\/span><\\\/p>\\n\n\n<p><span>Uno de los mayores riesgos de una pol\\u00edtica de seguridad centrada exclusivamente en la acci\\u00f3n militar es el aumento de las afectaciones contra la poblaci\\u00f3n civil. Bonilla se\\u00f1ala que una estrategia basada en resultados operativos puede incentivar pr\\u00e1cticas como las capturas masivas, las judicializaciones indiscriminadas y el uso excesivo de medidas excepcionales.<\\\/span><\\\/p>\\n\n\n<p><span>Tambi\\u00e9n alerta sobre el posible regreso de la l\\u00f3gica del \\\"enemigo interno\\\", que podr\\u00eda terminar asociando a organizaciones sociales con estructuras armadas y afectar a comunidades que hoy representan una barrera frente a la expansi\\u00f3n del crimen organizado. <\\\/span><\\\/p>\",\"margin\":\"default\",\"text_align\":\"justify\"}}]}]}]},{\"type\":\"section\",\"props\":{\"image_position\":\"center-center\",\"padding\":\"xsmall\",\"style\":\"default\",\"title_breakpoint\":\"xl\",\"title_position\":\"top-left\",\"title_rotation\":\"left\",\"vertical_align\":\"middle\",\"width\":\"default\"},\"children\":[{\"type\":\"row\",\"children\":[{\"type\":\"column\",\"props\":{\"image_position\":\"center-center\",\"position_sticky_breakpoint\":\"m\"},\"children\":[{\"type\":\"html\",\"props\":{\"content\":\"<iframe width=\\\"100%\\\" height=\\\"166\\\" scrolling=\\\"no\\\" frameborder=\\\"no\\\" allow=\\\"autoplay; encrypted-media\\\" src=\\\"https:\\\/\\\/w.soundcloud.com\\\/player\\\/?url=https%3A\\\/\\\/api.soundcloud.com\\\/tracks\\\/soundcloud%253Atracks%253A2393348670&color=%23ff5500&auto_play=false&hide_related=false&show_comments=true&show_user=true&show_reposts=false&show_teaser=true\\\"><\\\/iframe>\n\n<div style=\\\"font-size: 10px; color: #cccccc;line-break: anywhere;word-break: normal;overflow: hidden;white-space: nowrap;text-overflow: ellipsis; font-family: Interstate,Lucida Grande,Lucida Sans Unicode,Lucida Sans,Garuda,Verdana,Tahoma,sans-serif;font-weight: 100;\\\"><a href=\\\"https:\\\/\\\/soundcloud.com\\\/user-405892733\\\" title=\\\"hechoencaliperiodismo\\\" target=\\\"_blank\\\" style=\\\"color: #cccccc; text-decoration: none;\\\">hechoencaliperiodismo<\\\/a> \\u00b7 <a href=\\\"https:\\\/\\\/soundcloud.com\\\/user-405892733\\\/laura-2-editado-esv2-100p-bg-m-music-m-2\\\" title=\\\"Las desventajas de la negociaci\\u00f3n\\\" target=\\\"_blank\\\" style=\\\"color: #cccccc; text-decoration: none;\\\">Las desventajas de la negociaci\\u00f3n<\\\/a><\\\/div>\"}}]}]}]},{\"type\":\"section\",\"props\":{\"image_position\":\"center-center\",\"padding\":\"xsmall\",\"style\":\"default\",\"title_breakpoint\":\"xl\",\"title_position\":\"top-left\",\"title_rotation\":\"left\",\"vertical_align\":\"middle\",\"width\":\"default\"},\"children\":[{\"type\":\"row\",\"children\":[{\"type\":\"column\",\"props\":{\"image_position\":\"center-center\",\"position_sticky_breakpoint\":\"m\"},\"children\":[{\"type\":\"text\",\"props\":{\"column_breakpoint\":\"m\",\"content\":\"\n\n<p><span>Para la investigadora, un gobierno que privilegie \\u00fanicamente el sometimiento de los grupos armados dejar\\u00eda por fuera a muchas v\\u00edctimas de los mecanismos de verdad, justicia y reparaci\\u00f3n propios de la justicia transicional. <\\\/span><\\\/p>\\n\n\n<p><span>Sobre la creaci\\u00f3n de una Consejer\\u00eda de Seguridad, Bonilla considera que Colombia ya cuenta con una institucionalidad s\\u00f3lida en esa materia y que el verdadero riesgo no radica en crear una nueva instancia, sino en debilitar la estructura encargada de implementar el Acuerdo de Paz. Al desaparecer esos equipos t\\u00e9cnicos, dice, tambi\\u00e9n se pierde el avance logrado durante la \\u00faltima d\\u00e9cada en la construcci\\u00f3n de una pol\\u00edtica de seguridad con liderazgo civil y en la continuidad de los compromisos adquiridos desde 2016.\\u00a0\\u00a0\\u00a0 <\\\/span><\\\/p>\\n\n\n<p><span>Ahora la pregunta que enfrenta Colombia no es cu\\u00e1l pol\\u00edtica p\\u00fablica es m\\u00e1s efectiva para poner fin a una violencia que ha sido una sombra\\u00a0 del\\u00a0 pa\\u00eds durante d\\u00e9cadas. La verdadera pregunta es \\u00bfQu\\u00e9 le espera a una sociedad que decide borrar la palabra paz de su narrativa y de su historia?. Orwell mostr\\u00f3 que las palabras construyen realidades. Cuando una palabra deja de existir en el discurso p\\u00fablico, tambi\\u00e9n se vuelve m\\u00e1s dif\\u00edcil imaginarla, so\\u00f1arla, exigir y convertirla en una posibilidad. Y cuando desaparece del lenguaje oficial, corre el riesgo de desaparecer tambi\\u00e9n de las decisiones del Estado, como parece ocurrir con el nuevo gobierno.<\\\/span><\\\/p>\",\"margin\":\"default\",\"text_align\":\"justify\"}}]}]}]},{\"type\":\"section\",\"props\":{\"image_position\":\"center-center\",\"padding\":\"xsmall\",\"style\":\"default\",\"title_breakpoint\":\"xl\",\"title_position\":\"top-left\",\"title_rotation\":\"left\",\"vertical_align\":\"middle\",\"width\":\"default\"},\"children\":[{\"type\":\"row\",\"children\":[{\"type\":\"column\",\"props\":{\"image_position\":\"center-center\",\"position_sticky_breakpoint\":\"m\"},\"children\":[{\"type\":\"html\",\"props\":{\"content\":\"<iframe width=\\\"100%\\\" height=\\\"166\\\" scrolling=\\\"no\\\" frameborder=\\\"no\\\" allow=\\\"autoplay; encrypted-media\\\" src=\\\"https:\\\/\\\/w.soundcloud.com\\\/player\\\/?url=https%3A\\\/\\\/api.soundcloud.com\\\/tracks\\\/soundcloud%253Atracks%253A2393348664&color=%23ff5500&auto_play=false&hide_related=false&show_comments=true&show_user=true&show_reposts=false&show_teaser=true\\\"><\\\/iframe>\n\n<div style=\\\"font-size: 10px; color: #cccccc;line-break: anywhere;word-break: normal;overflow: hidden;white-space: nowrap;text-overflow: ellipsis; font-family: Interstate,Lucida Grande,Lucida Sans Unicode,Lucida Sans,Garuda,Verdana,Tahoma,sans-serif;font-weight: 100;\\\"><a href=\\\"https:\\\/\\\/soundcloud.com\\\/user-405892733\\\" title=\\\"hechoencaliperiodismo\\\" target=\\\"_blank\\\" style=\\\"color: #cccccc; text-decoration: none;\\\">hechoencaliperiodismo<\\\/a> \\u00b7 <a href=\\\"https:\\\/\\\/soundcloud.com\\\/user-405892733\\\/laura-3-editado-esv2-100p-bg-m-music-m-3\\\" title=\\\"La Justicia Transicional y la impunidad\\\" target=\\\"_blank\\\" style=\\\"color: #cccccc; text-decoration: none;\\\">La Justicia Transicional y la impunidad<\\\/a><\\\/div>\"}}]}]}]},{\"type\":\"section\",\"props\":{\"image_position\":\"center-center\",\"padding\":\"xsmall\",\"style\":\"default\",\"title_breakpoint\":\"xl\",\"title_position\":\"top-left\",\"title_rotation\":\"left\",\"vertical_align\":\"middle\",\"width\":\"default\"},\"children\":[{\"type\":\"row\",\"children\":[{\"type\":\"column\",\"props\":{\"image_position\":\"center-center\",\"position_sticky_breakpoint\":\"m\"},\"children\":[{\"type\":\"text\",\"props\":{\"column_breakpoint\":\"m\",\"content\":\"\n\n<p><span>A diez a\\u00f1os de la firma del Acuerdo de Paz, es evidente que su implementaci\\u00f3n ha sido incompleta y que a\\u00fan persisten enormes desaf\\u00edos. Sin embargo, tambi\\u00e9n ha dejado avances que ser\\u00eda un error desconocer. Quiz\\u00e1 el mayor reto de Colombia sea entender que la paz no puede depender \\u00fanicamente de un gobierno, sino de la capacidad de la sociedad para defenderla como un prop\\u00f3sito com\\u00fan y mantenerla como un horizonte posible.<\\\/span><\\\/p>\",\"margin\":\"default\",\"text_align\":\"justify\"}}]}]}]}],\"version\":\"4.4.8\"} --><\/p>\n<\/body>","protected":false},"excerpt":{"rendered":"<p>Reportajes Cuando la Paz desaparece Septiembre 2 \u2013 2026\u00a0 Por Laura Carolina Cruz\u00a0 El problema con las distop\u00edas es que, muchas veces, terminan encontrando eco en la realidad. Los Estados acaban pareci\u00e9ndose, en mayor o menor medida, a los escenarios que alguna vez imaginaron los libros. Para algunos, el giro pol\u00edtico que hoy atraviesa Am\u00e9rica [&hellip;]<\/p>\n","protected":false},"author":1,"featured_media":2642,"comment_status":"open","ping_status":"open","sticky":false,"template":"","format":"standard","meta":{"_acf_changed":false,"om_disable_all_campaigns":false,"footnotes":""},"categories":[2],"tags":[],"class_list":["post-2641","post","type-post","status-publish","format-standard","has-post-thumbnail","hentry","category-reportajes"],"acf":[],"yoast_head":"<!-- This site is optimized with the Yoast SEO plugin v28.4 - https:\/\/yoast.com\/product\/yoast-seo-wordpress\/ -->\n<title>Cuando la Paz desaparece - Hecho en Cali<\/title>\n<meta name=\"robots\" content=\"index, follow, max-snippet:-1, max-image-preview:large, max-video-preview:-1\" \/>\n<link rel=\"canonical\" href=\"https:\/\/hechoencali.com\/periodismo\/2026\/09\/02\/cuando-la-paz-desaparece\/\" \/>\n<meta property=\"og:locale\" content=\"es_ES\" \/>\n<meta property=\"og:type\" content=\"article\" \/>\n<meta property=\"og:title\" content=\"Cuando la Paz desaparece - Hecho en Cali\" \/>\n<meta property=\"og:description\" content=\"Reportajes Cuando la Paz desaparece Septiembre 2 \u2013 2026\u00a0 Por Laura Carolina Cruz\u00a0 El problema con las distop\u00edas es que, muchas veces, terminan encontrando eco en la realidad. Los Estados acaban pareci\u00e9ndose, en mayor o menor medida, a los escenarios que alguna vez imaginaron los libros. Para algunos, el giro pol\u00edtico que hoy atraviesa Am\u00e9rica [&hellip;]\" \/>\n<meta property=\"og:url\" content=\"https:\/\/hechoencali.com\/periodismo\/2026\/09\/02\/cuando-la-paz-desaparece\/\" \/>\n<meta property=\"og:site_name\" content=\"Hecho en Cali\" \/>\n<meta property=\"article:published_time\" content=\"2026-09-02T21:33:24+00:00\" \/>\n<meta property=\"article:modified_time\" content=\"2026-09-02T22:11:46+00:00\" \/>\n<meta property=\"og:image\" content=\"https:\/\/hechoencali.com\/periodismo\/wp-content\/uploads\/2026\/09\/Banner-Paz.jpg\" \/>\n\t<meta property=\"og:image:width\" content=\"1366\" \/>\n\t<meta property=\"og:image:height\" content=\"768\" \/>\n\t<meta property=\"og:image:type\" content=\"image\/jpeg\" \/>\n<meta name=\"author\" content=\"jorge\" \/>\n<meta name=\"twitter:card\" content=\"summary_large_image\" \/>\n<meta name=\"twitter:label1\" content=\"Escrito por\" \/>\n\t<meta name=\"twitter:data1\" content=\"jorge\" \/>\n\t<meta name=\"twitter:label2\" content=\"Tiempo de lectura\" \/>\n\t<meta name=\"twitter:data2\" content=\"1 minuto\" \/>\n<script type=\"application\/ld+json\" class=\"yoast-schema-graph\">{\"@context\":\"https:\\\/\\\/schema.org\",\"@graph\":[{\"@type\":\"Article\",\"@id\":\"https:\\\/\\\/hechoencali.com\\\/periodismo\\\/2026\\\/09\\\/02\\\/cuando-la-paz-desaparece\\\/#article\",\"isPartOf\":{\"@id\":\"https:\\\/\\\/hechoencali.com\\\/periodismo\\\/2026\\\/09\\\/02\\\/cuando-la-paz-desaparece\\\/\"},\"author\":{\"name\":\"jorge\",\"@id\":\"https:\\\/\\\/hechoencali.com\\\/periodismo\\\/#\\\/schema\\\/person\\\/4800407e0200d2346f4262b66443723e\"},\"headline\":\"Cuando la Paz desaparece\",\"datePublished\":\"2026-09-02T21:33:24+00:00\",\"dateModified\":\"2026-09-02T22:11:46+00:00\",\"mainEntityOfPage\":{\"@id\":\"https:\\\/\\\/hechoencali.com\\\/periodismo\\\/2026\\\/09\\\/02\\\/cuando-la-paz-desaparece\\\/\"},\"wordCount\":1745,\"commentCount\":0,\"publisher\":{\"@id\":\"https:\\\/\\\/hechoencali.com\\\/periodismo\\\/#organization\"},\"image\":{\"@id\":\"https:\\\/\\\/hechoencali.com\\\/periodismo\\\/2026\\\/09\\\/02\\\/cuando-la-paz-desaparece\\\/#primaryimage\"},\"thumbnailUrl\":\"https:\\\/\\\/hechoencali.com\\\/periodismo\\\/wp-content\\\/uploads\\\/2026\\\/09\\\/Banner-Paz.jpg\",\"articleSection\":[\"Reportajes\"],\"inLanguage\":\"es\",\"potentialAction\":[{\"@type\":\"CommentAction\",\"name\":\"Comment\",\"target\":[\"https:\\\/\\\/hechoencali.com\\\/periodismo\\\/2026\\\/09\\\/02\\\/cuando-la-paz-desaparece\\\/#respond\"]}]},{\"@type\":\"WebPage\",\"@id\":\"https:\\\/\\\/hechoencali.com\\\/periodismo\\\/2026\\\/09\\\/02\\\/cuando-la-paz-desaparece\\\/\",\"url\":\"https:\\\/\\\/hechoencali.com\\\/periodismo\\\/2026\\\/09\\\/02\\\/cuando-la-paz-desaparece\\\/\",\"name\":\"Cuando la Paz desaparece - Hecho en Cali\",\"isPartOf\":{\"@id\":\"https:\\\/\\\/hechoencali.com\\\/periodismo\\\/#website\"},\"primaryImageOfPage\":{\"@id\":\"https:\\\/\\\/hechoencali.com\\\/periodismo\\\/2026\\\/09\\\/02\\\/cuando-la-paz-desaparece\\\/#primaryimage\"},\"image\":{\"@id\":\"https:\\\/\\\/hechoencali.com\\\/periodismo\\\/2026\\\/09\\\/02\\\/cuando-la-paz-desaparece\\\/#primaryimage\"},\"thumbnailUrl\":\"https:\\\/\\\/hechoencali.com\\\/periodismo\\\/wp-content\\\/uploads\\\/2026\\\/09\\\/Banner-Paz.jpg\",\"datePublished\":\"2026-09-02T21:33:24+00:00\",\"dateModified\":\"2026-09-02T22:11:46+00:00\",\"breadcrumb\":{\"@id\":\"https:\\\/\\\/hechoencali.com\\\/periodismo\\\/2026\\\/09\\\/02\\\/cuando-la-paz-desaparece\\\/#breadcrumb\"},\"inLanguage\":\"es\",\"potentialAction\":[{\"@type\":\"ReadAction\",\"target\":[\"https:\\\/\\\/hechoencali.com\\\/periodismo\\\/2026\\\/09\\\/02\\\/cuando-la-paz-desaparece\\\/\"]}]},{\"@type\":\"ImageObject\",\"inLanguage\":\"es\",\"@id\":\"https:\\\/\\\/hechoencali.com\\\/periodismo\\\/2026\\\/09\\\/02\\\/cuando-la-paz-desaparece\\\/#primaryimage\",\"url\":\"https:\\\/\\\/hechoencali.com\\\/periodismo\\\/wp-content\\\/uploads\\\/2026\\\/09\\\/Banner-Paz.jpg\",\"contentUrl\":\"https:\\\/\\\/hechoencali.com\\\/periodismo\\\/wp-content\\\/uploads\\\/2026\\\/09\\\/Banner-Paz.jpg\",\"width\":1366,\"height\":768},{\"@type\":\"BreadcrumbList\",\"@id\":\"https:\\\/\\\/hechoencali.com\\\/periodismo\\\/2026\\\/09\\\/02\\\/cuando-la-paz-desaparece\\\/#breadcrumb\",\"itemListElement\":[{\"@type\":\"ListItem\",\"position\":1,\"name\":\"Portada\",\"item\":\"https:\\\/\\\/hechoencali.com\\\/periodismo\\\/\"},{\"@type\":\"ListItem\",\"position\":2,\"name\":\"Cuando la Paz desaparece\"}]},{\"@type\":\"WebSite\",\"@id\":\"https:\\\/\\\/hechoencali.com\\\/periodismo\\\/#website\",\"url\":\"https:\\\/\\\/hechoencali.com\\\/periodismo\\\/\",\"name\":\"Hecho en Cali\",\"description\":\"Periodismo de Derechos Humanos\",\"publisher\":{\"@id\":\"https:\\\/\\\/hechoencali.com\\\/periodismo\\\/#organization\"},\"potentialAction\":[{\"@type\":\"SearchAction\",\"target\":{\"@type\":\"EntryPoint\",\"urlTemplate\":\"https:\\\/\\\/hechoencali.com\\\/periodismo\\\/?s={search_term_string}\"},\"query-input\":{\"@type\":\"PropertyValueSpecification\",\"valueRequired\":true,\"valueName\":\"search_term_string\"}}],\"inLanguage\":\"es\"},{\"@type\":\"Organization\",\"@id\":\"https:\\\/\\\/hechoencali.com\\\/periodismo\\\/#organization\",\"name\":\"Hecho en Cali\",\"url\":\"https:\\\/\\\/hechoencali.com\\\/periodismo\\\/\",\"logo\":{\"@type\":\"ImageObject\",\"inLanguage\":\"es\",\"@id\":\"https:\\\/\\\/hechoencali.com\\\/periodismo\\\/#\\\/schema\\\/logo\\\/image\\\/\",\"url\":\"https:\\\/\\\/hechoencali.com\\\/periodismo\\\/wp-content\\\/uploads\\\/2023\\\/09\\\/logoweb-d5deb173.png\",\"contentUrl\":\"https:\\\/\\\/hechoencali.com\\\/periodismo\\\/wp-content\\\/uploads\\\/2023\\\/09\\\/logoweb-d5deb173.png\",\"width\":120,\"height\":120,\"caption\":\"Hecho en Cali\"},\"image\":{\"@id\":\"https:\\\/\\\/hechoencali.com\\\/periodismo\\\/#\\\/schema\\\/logo\\\/image\\\/\"}},{\"@type\":\"Person\",\"@id\":\"https:\\\/\\\/hechoencali.com\\\/periodismo\\\/#\\\/schema\\\/person\\\/4800407e0200d2346f4262b66443723e\",\"name\":\"jorge\",\"image\":{\"@type\":\"ImageObject\",\"inLanguage\":\"es\",\"@id\":\"https:\\\/\\\/secure.gravatar.com\\\/avatar\\\/d7134147696def7b1d417e47611a014d57e9618607a17a77f79f0eb19f7262a4?s=96&d=mm&r=g\",\"url\":\"https:\\\/\\\/secure.gravatar.com\\\/avatar\\\/d7134147696def7b1d417e47611a014d57e9618607a17a77f79f0eb19f7262a4?s=96&d=mm&r=g\",\"contentUrl\":\"https:\\\/\\\/secure.gravatar.com\\\/avatar\\\/d7134147696def7b1d417e47611a014d57e9618607a17a77f79f0eb19f7262a4?s=96&d=mm&r=g\",\"caption\":\"jorge\"},\"sameAs\":[\"https:\\\/\\\/hechoencali.com\\\/periodismo\"],\"url\":\"https:\\\/\\\/hechoencali.com\\\/periodismo\\\/author\\\/jorge\\\/\"}]}<\/script>\n<!-- \/ Yoast SEO plugin. -->","yoast_head_json":{"title":"Cuando la Paz desaparece - Hecho en Cali","robots":{"index":"index","follow":"follow","max-snippet":"max-snippet:-1","max-image-preview":"max-image-preview:large","max-video-preview":"max-video-preview:-1"},"canonical":"https:\/\/hechoencali.com\/periodismo\/2026\/09\/02\/cuando-la-paz-desaparece\/","og_locale":"es_ES","og_type":"article","og_title":"Cuando la Paz desaparece - Hecho en Cali","og_description":"Reportajes Cuando la Paz desaparece Septiembre 2 \u2013 2026\u00a0 Por Laura Carolina Cruz\u00a0 El problema con las distop\u00edas es que, muchas veces, terminan encontrando eco en la realidad. Los Estados acaban pareci\u00e9ndose, en mayor o menor medida, a los escenarios que alguna vez imaginaron los libros. Para algunos, el giro pol\u00edtico que hoy atraviesa Am\u00e9rica [&hellip;]","og_url":"https:\/\/hechoencali.com\/periodismo\/2026\/09\/02\/cuando-la-paz-desaparece\/","og_site_name":"Hecho en Cali","article_published_time":"2026-09-02T21:33:24+00:00","article_modified_time":"2026-09-02T22:11:46+00:00","og_image":[{"width":1366,"height":768,"url":"https:\/\/hechoencali.com\/periodismo\/wp-content\/uploads\/2026\/09\/Banner-Paz.jpg","type":"image\/jpeg"}],"author":"jorge","twitter_card":"summary_large_image","twitter_misc":{"Escrito por":"jorge","Tiempo de lectura":"1 minuto"},"schema":{"@context":"https:\/\/schema.org","@graph":[{"@type":"Article","@id":"https:\/\/hechoencali.com\/periodismo\/2026\/09\/02\/cuando-la-paz-desaparece\/#article","isPartOf":{"@id":"https:\/\/hechoencali.com\/periodismo\/2026\/09\/02\/cuando-la-paz-desaparece\/"},"author":{"name":"jorge","@id":"https:\/\/hechoencali.com\/periodismo\/#\/schema\/person\/4800407e0200d2346f4262b66443723e"},"headline":"Cuando la Paz desaparece","datePublished":"2026-09-02T21:33:24+00:00","dateModified":"2026-09-02T22:11:46+00:00","mainEntityOfPage":{"@id":"https:\/\/hechoencali.com\/periodismo\/2026\/09\/02\/cuando-la-paz-desaparece\/"},"wordCount":1745,"commentCount":0,"publisher":{"@id":"https:\/\/hechoencali.com\/periodismo\/#organization"},"image":{"@id":"https:\/\/hechoencali.com\/periodismo\/2026\/09\/02\/cuando-la-paz-desaparece\/#primaryimage"},"thumbnailUrl":"https:\/\/hechoencali.com\/periodismo\/wp-content\/uploads\/2026\/09\/Banner-Paz.jpg","articleSection":["Reportajes"],"inLanguage":"es","potentialAction":[{"@type":"CommentAction","name":"Comment","target":["https:\/\/hechoencali.com\/periodismo\/2026\/09\/02\/cuando-la-paz-desaparece\/#respond"]}]},{"@type":"WebPage","@id":"https:\/\/hechoencali.com\/periodismo\/2026\/09\/02\/cuando-la-paz-desaparece\/","url":"https:\/\/hechoencali.com\/periodismo\/2026\/09\/02\/cuando-la-paz-desaparece\/","name":"Cuando la Paz desaparece - Hecho en Cali","isPartOf":{"@id":"https:\/\/hechoencali.com\/periodismo\/#website"},"primaryImageOfPage":{"@id":"https:\/\/hechoencali.com\/periodismo\/2026\/09\/02\/cuando-la-paz-desaparece\/#primaryimage"},"image":{"@id":"https:\/\/hechoencali.com\/periodismo\/2026\/09\/02\/cuando-la-paz-desaparece\/#primaryimage"},"thumbnailUrl":"https:\/\/hechoencali.com\/periodismo\/wp-content\/uploads\/2026\/09\/Banner-Paz.jpg","datePublished":"2026-09-02T21:33:24+00:00","dateModified":"2026-09-02T22:11:46+00:00","breadcrumb":{"@id":"https:\/\/hechoencali.com\/periodismo\/2026\/09\/02\/cuando-la-paz-desaparece\/#breadcrumb"},"inLanguage":"es","potentialAction":[{"@type":"ReadAction","target":["https:\/\/hechoencali.com\/periodismo\/2026\/09\/02\/cuando-la-paz-desaparece\/"]}]},{"@type":"ImageObject","inLanguage":"es","@id":"https:\/\/hechoencali.com\/periodismo\/2026\/09\/02\/cuando-la-paz-desaparece\/#primaryimage","url":"https:\/\/hechoencali.com\/periodismo\/wp-content\/uploads\/2026\/09\/Banner-Paz.jpg","contentUrl":"https:\/\/hechoencali.com\/periodismo\/wp-content\/uploads\/2026\/09\/Banner-Paz.jpg","width":1366,"height":768},{"@type":"BreadcrumbList","@id":"https:\/\/hechoencali.com\/periodismo\/2026\/09\/02\/cuando-la-paz-desaparece\/#breadcrumb","itemListElement":[{"@type":"ListItem","position":1,"name":"Portada","item":"https:\/\/hechoencali.com\/periodismo\/"},{"@type":"ListItem","position":2,"name":"Cuando la Paz desaparece"}]},{"@type":"WebSite","@id":"https:\/\/hechoencali.com\/periodismo\/#website","url":"https:\/\/hechoencali.com\/periodismo\/","name":"Hecho en Cali","description":"Periodismo de Derechos Humanos","publisher":{"@id":"https:\/\/hechoencali.com\/periodismo\/#organization"},"potentialAction":[{"@type":"SearchAction","target":{"@type":"EntryPoint","urlTemplate":"https:\/\/hechoencali.com\/periodismo\/?s={search_term_string}"},"query-input":{"@type":"PropertyValueSpecification","valueRequired":true,"valueName":"search_term_string"}}],"inLanguage":"es"},{"@type":"Organization","@id":"https:\/\/hechoencali.com\/periodismo\/#organization","name":"Hecho en Cali","url":"https:\/\/hechoencali.com\/periodismo\/","logo":{"@type":"ImageObject","inLanguage":"es","@id":"https:\/\/hechoencali.com\/periodismo\/#\/schema\/logo\/image\/","url":"https:\/\/hechoencali.com\/periodismo\/wp-content\/uploads\/2023\/09\/logoweb-d5deb173.png","contentUrl":"https:\/\/hechoencali.com\/periodismo\/wp-content\/uploads\/2023\/09\/logoweb-d5deb173.png","width":120,"height":120,"caption":"Hecho en Cali"},"image":{"@id":"https:\/\/hechoencali.com\/periodismo\/#\/schema\/logo\/image\/"}},{"@type":"Person","@id":"https:\/\/hechoencali.com\/periodismo\/#\/schema\/person\/4800407e0200d2346f4262b66443723e","name":"jorge","image":{"@type":"ImageObject","inLanguage":"es","@id":"https:\/\/secure.gravatar.com\/avatar\/d7134147696def7b1d417e47611a014d57e9618607a17a77f79f0eb19f7262a4?s=96&d=mm&r=g","url":"https:\/\/secure.gravatar.com\/avatar\/d7134147696def7b1d417e47611a014d57e9618607a17a77f79f0eb19f7262a4?s=96&d=mm&r=g","contentUrl":"https:\/\/secure.gravatar.com\/avatar\/d7134147696def7b1d417e47611a014d57e9618607a17a77f79f0eb19f7262a4?s=96&d=mm&r=g","caption":"jorge"},"sameAs":["https:\/\/hechoencali.com\/periodismo"],"url":"https:\/\/hechoencali.com\/periodismo\/author\/jorge\/"}]}},"_links":{"self":[{"href":"https:\/\/hechoencali.com\/periodismo\/wp-json\/wp\/v2\/posts\/2641","targetHints":{"allow":["GET"]}}],"collection":[{"href":"https:\/\/hechoencali.com\/periodismo\/wp-json\/wp\/v2\/posts"}],"about":[{"href":"https:\/\/hechoencali.com\/periodismo\/wp-json\/wp\/v2\/types\/post"}],"author":[{"embeddable":true,"href":"https:\/\/hechoencali.com\/periodismo\/wp-json\/wp\/v2\/users\/1"}],"replies":[{"embeddable":true,"href":"https:\/\/hechoencali.com\/periodismo\/wp-json\/wp\/v2\/comments?post=2641"}],"version-history":[{"count":5,"href":"https:\/\/hechoencali.com\/periodismo\/wp-json\/wp\/v2\/posts\/2641\/revisions"}],"predecessor-version":[{"id":2685,"href":"https:\/\/hechoencali.com\/periodismo\/wp-json\/wp\/v2\/posts\/2641\/revisions\/2685"}],"wp:featuredmedia":[{"embeddable":true,"href":"https:\/\/hechoencali.com\/periodismo\/wp-json\/wp\/v2\/media\/2642"}],"wp:attachment":[{"href":"https:\/\/hechoencali.com\/periodismo\/wp-json\/wp\/v2\/media?parent=2641"}],"wp:term":[{"taxonomy":"category","embeddable":true,"href":"https:\/\/hechoencali.com\/periodismo\/wp-json\/wp\/v2\/categories?post=2641"},{"taxonomy":"post_tag","embeddable":true,"href":"https:\/\/hechoencali.com\/periodismo\/wp-json\/wp\/v2\/tags?post=2641"}],"curies":[{"name":"wp","href":"https:\/\/api.w.org\/{rel}","templated":true}]}}