{"id":2247,"date":"2026-04-25T16:47:20","date_gmt":"2026-04-25T16:47:20","guid":{"rendered":"https:\/\/hechoencali.com\/periodismo\/?p=2247"},"modified":"2026-04-26T02:32:57","modified_gmt":"2026-04-26T02:32:57","slug":"llueve-sobre-babel-espejo-de-lo-incomodo","status":"publish","type":"post","link":"https:\/\/hechoencali.com\/periodismo\/2026\/04\/25\/llueve-sobre-babel-espejo-de-lo-incomodo\/","title":{"rendered":"Llueve sobre Babel: espejo de lo inc\u00f3modo"},"content":{"rendered":"<body><p><\/p>\n<h3>Rese\u00f1as literarias<\/h3>\n<h1><strong>Llueve sobre Babel: espejo de lo inc\u00f3modo<\/strong><\/h1>\n<p><img decoding=\"async\" src=\"\/periodismo\/wp-content\/uploads\/2026\/04\/Portada-Babel.jpg\" alt=\"\" loading=\"lazy\"><\/p>\n<div>\n<p><span><strong>Abril 25 \u2013 2026<\/strong><\/span><\/p>\n<p><span><strong>Por Peri\u00f3dico Mira Lee Cultural<\/strong><\/span><\/p>\n<p style=\"text-align: center;\"><em><strong>Este rese\u00f1a fue publicada por <a href=\"https:\/\/miraleeperiodicocultural.com\/\">Mira Lee Peri\u00f3dico Cultural<\/a> que nos ha permitido compartirla con ustedes<\/strong><\/em><\/p>\n<p>Antes de dar nuestra rese\u00f1a sobre la peli queremos detallar 3 cosas importantes sobre la pel\u00edcula.<\/p>\n<p>La primera es como sin tantos recursos t\u00e9cnicos (pues sin tanto cgi o algo sobre desarrollo de tecnolog\u00eda en la pel\u00edcula) el desarrollo del gui\u00f3n y de la creatividad de la directora fueron clave.\u00a0La construcci\u00f3n del relato no fue un ejercicio de caligraf\u00eda mansa, sino un forcejeo constante contra el silencio de una ciudad que se fragmenta.\u00a0El gui\u00f3n se gest\u00f3 en el centro de un torbellino donde la palabra no busca adornar, sino morder la realidad; se trat\u00f3 de capturar el eco de las voces que se pierden entre el cemento y la desidia, transformando el caos cotidiano en una estructura s\u00f3lida de tensi\u00f3n y significado.<\/p>\n<p>Cada l\u00ednea fue depurada con la obsesi\u00f3n de quien sabe que la verdad solo aparece cuando se despoja al lenguaje de sus m\u00e1scaras habituales.\u00a0La creatividad, por su parte, emergi\u00f3 como un acto de resistencia frente a los moldes predecibles del cine convencional.\u00a0No hubo espacio para la complacencia visual, sino para una est\u00e9tica del desgarro que oblig\u00f3 a reinventar la forma de mirar el conflicto.<\/p>\n<p>Fue un proceso de alquimia urbana donde el desencanto se convirti\u00f3 en potencia narrativa, logrando que el gui\u00f3n no solo contara una historia, sino que funcionara como un espejo inc\u00f3modo, devolviendo una imagen cruda y vibrante de un mundo que se deshace bajo su propio peso.\u00a0La creatividad de la historia misma, m\u00e1s el desarrollo del gui\u00f3n y desarrollo de personajes fue muy importante, fue una forma \u00fanica de desarrollar la historia de cada uno de los personajes.<\/p>\n<p>La est\u00e9tica retrofutirista tambi\u00e9n logro un equilibrio junto con la historia tanto de los personajes como del gui\u00f3n. El vestuario es un complemento potente sobre la est\u00e9tica retrofutirista tambi\u00e9n y personajes como Mar\u00eda (la lagartija) fueron tambi\u00e9n dignos de mostrar con la est\u00e9tica.\u00a0Por \u00faltimo los personajes y sus historias se fueron desarrollando de forma org\u00e1nica a la historia.<\/p>\n<p>Lo dejamos as\u00ed para que si te gustan las historias bien contadas, con un gui\u00f3n atrapante (como dicen alguna de las rese\u00f1as), una est\u00e9tica \u00fanica y desarrollo de personajes sin igual\u2026. Vayan a verla que est\u00e1 en la cinemateca la tertulia, Unicentro y Chipichape.<\/p>\n<\/div>\n<p><iframe src=\"https:\/\/youtu.be\/ODSEmw5FGso?si=laqU6dSQ0pSpqHDR\"><\/iframe><\/p>\n<p><!--more--><br>\n<!-- {\"type\":\"layout\",\"children\":[{\"type\":\"section\",\"props\":{\"css\":\".el-section {\\n\\n\\tbackground:#1dbbfc;\\n}\",\"image_position\":\"center-center\",\"padding\":\"xsmall\",\"style\":\"secondary\",\"title_breakpoint\":\"xl\",\"title_position\":\"top-left\",\"title_rotation\":\"left\",\"vertical_align\":\"\",\"width\":\"default\"},\"children\":[{\"type\":\"row\",\"children\":[{\"type\":\"column\",\"props\":{\"image_position\":\"center-center\",\"position_sticky_breakpoint\":\"m\"},\"children\":[{\"type\":\"headline\",\"props\":{\"content\":\"Rese\\u00f1as literarias\",\"text_align\":\"center\",\"title_decoration\":\"line\",\"title_element\":\"h3\"}}]}]}]},{\"type\":\"section\",\"props\":{\"image_position\":\"center-center\",\"style\":\"secondary\",\"title_breakpoint\":\"xl\",\"title_position\":\"top-left\",\"title_rotation\":\"left\",\"vertical_align\":\"\",\"width\":\"default\"},\"children\":[{\"type\":\"row\",\"children\":[{\"type\":\"column\",\"props\":{\"image_position\":\"center-center\",\"position_sticky_breakpoint\":\"m\"},\"children\":[{\"type\":\"headline\",\"props\":{\"content\":\"<strong>Llueve sobre Babel: espejo de lo inc\\u00f3modo<\\\/strong>\",\"text_align\":\"center\",\"title_element\":\"h1\"}}]}]}]},{\"type\":\"section\",\"props\":{\"image_position\":\"center-center\",\"padding\":\"none\",\"style\":\"default\",\"title_breakpoint\":\"xl\",\"title_position\":\"top-left\",\"title_rotation\":\"left\",\"vertical_align\":\"middle\",\"width\":\"\"},\"children\":[{\"type\":\"row\",\"children\":[{\"type\":\"column\",\"props\":{\"image_position\":\"center-center\",\"position_sticky_breakpoint\":\"m\"},\"children\":[{\"type\":\"image\",\"props\":{\"image\":\"wp-content\\\/uploads\\\/2026\\\/04\\\/Portada-Babel.jpg\",\"image_svg_color\":\"emphasis\",\"image_width\":3000,\"margin\":\"default\"}}]}]}]},{\"type\":\"section\",\"props\":{\"image_position\":\"center-center\",\"padding\":\"xsmall\",\"style\":\"default\",\"title_breakpoint\":\"xl\",\"title_position\":\"top-left\",\"title_rotation\":\"left\",\"vertical_align\":\"\",\"width\":\"default\"},\"children\":[{\"type\":\"row\",\"children\":[{\"type\":\"column\",\"props\":{\"image_position\":\"center-center\",\"position_sticky_breakpoint\":\"m\"},\"children\":[{\"type\":\"text\",\"props\":{\"column_breakpoint\":\"m\",\"content\":\"\n\n<p><span><strong>Abril 25 - 2026<\\\/strong><\\\/span><\\\/p>\\n\n\n<p><span><strong>Por Peri\\u00f3dico Mira Lee Cultural<\\\/strong><\\\/span><\\\/p>\\n\n\n<p style=\\\"text-align: center;\\\"><em><strong>Este rese\\u00f1a fue publicada por <a href=\\\"https:\\\/\\\/miraleeperiodicocultural.com\\\/\\\">Mira Lee Peri\\u00f3dico Cultural<\\\/a> que nos ha permitido compartirla con ustedes<\\\/strong><\\\/em><\\\/p>\\n\n\n<p>Antes de dar nuestra rese\\u00f1a sobre la peli queremos detallar 3 cosas importantes sobre la pel\\u00edcula.<\\\/p>\\n\n\n<p>La primera es como sin tantos recursos t\\u00e9cnicos (pues sin tanto cgi o algo sobre desarrollo de tecnolog\\u00eda en la pel\\u00edcula) el desarrollo del gui\\u00f3n y de la creatividad de la directora fueron clave.\\u00a0La construcci\\u00f3n del relato no fue un ejercicio de caligraf\\u00eda mansa, sino un forcejeo constante contra el silencio de una ciudad que se fragmenta.\\u00a0El gui\\u00f3n se gest\\u00f3 en el centro de un torbellino donde la palabra no busca adornar, sino morder la realidad; se trat\\u00f3 de capturar el eco de las voces que se pierden entre el cemento y la desidia, transformando el caos cotidiano en una estructura s\\u00f3lida de tensi\\u00f3n y significado.<\\\/p>\\n\n\n<p>Cada l\\u00ednea fue depurada con la obsesi\\u00f3n de quien sabe que la verdad solo aparece cuando se despoja al lenguaje de sus m\\u00e1scaras habituales.\\u00a0La creatividad, por su parte, emergi\\u00f3 como un acto de resistencia frente a los moldes predecibles del cine convencional.\\u00a0No hubo espacio para la complacencia visual, sino para una est\\u00e9tica del desgarro que oblig\\u00f3 a reinventar la forma de mirar el conflicto.<\\\/p>\\n\n\n<p>Fue un proceso de alquimia urbana donde el desencanto se convirti\\u00f3 en potencia narrativa, logrando que el gui\\u00f3n no solo contara una historia, sino que funcionara como un espejo inc\\u00f3modo, devolviendo una imagen cruda y vibrante de un mundo que se deshace bajo su propio peso.\\u00a0La creatividad de la historia misma, m\\u00e1s el desarrollo del gui\\u00f3n y desarrollo de personajes fue muy importante, fue una forma \\u00fanica de desarrollar la historia de cada uno de los personajes.<\\\/p>\\n\n\n<p>La est\\u00e9tica retrofutirista tambi\\u00e9n logro un equilibrio junto con la historia tanto de los personajes como del gui\\u00f3n. El vestuario es un complemento potente sobre la est\\u00e9tica retrofutirista tambi\\u00e9n y personajes como Mar\\u00eda (la lagartija) fueron tambi\\u00e9n dignos de mostrar con la est\\u00e9tica.\\u00a0Por \\u00faltimo los personajes y sus historias se fueron desarrollando de forma org\\u00e1nica a la historia.<\\\/p>\\n\n\n<p>Lo dejamos as\\u00ed para que si te gustan las historias bien contadas, con un gui\\u00f3n atrapante (como dicen alguna de las rese\\u00f1as), una est\\u00e9tica \\u00fanica y desarrollo de personajes sin igual\\u2026. Vayan a verla que est\\u00e1 en la cinemateca la tertulia, Unicentro y Chipichape.<\\\/p>\",\"margin\":\"default\",\"text_align\":\"justify\"}}]}]}]},{\"type\":\"section\",\"props\":{\"image_position\":\"center-center\",\"padding\":\"none\",\"style\":\"default\",\"title_breakpoint\":\"xl\",\"title_position\":\"top-left\",\"title_rotation\":\"left\",\"vertical_align\":\"middle\",\"width\":\"default\"},\"children\":[{\"type\":\"row\",\"children\":[{\"type\":\"column\",\"props\":{\"image_position\":\"center-center\",\"position_sticky_breakpoint\":\"m\"},\"children\":[{\"type\":\"video\",\"props\":{\"margin\":\"default\",\"video\":\"https:\\\/\\\/youtu.be\\\/ODSEmw5FGso?si=laqU6dSQ0pSpqHDR\",\"video_controls\":true,\"video_width\":\"1500\"}}]}]}]}],\"version\":\"4.4.8\"} --><\/p>\n<\/body>","protected":false},"excerpt":{"rendered":"<p>Rese\u00f1as literarias Llueve sobre Babel: espejo de lo inc\u00f3modo Abril 25 \u2013 2026 Por Peri\u00f3dico Mira Lee Cultural Este rese\u00f1a fue publicada por Mira Lee Peri\u00f3dico Cultural que nos ha permitido compartirla con ustedes Antes de dar nuestra rese\u00f1a sobre la peli queremos detallar 3 cosas importantes sobre la pel\u00edcula. La primera es como sin [&hellip;]<\/p>\n","protected":false},"author":1,"featured_media":2248,"comment_status":"open","ping_status":"open","sticky":false,"template":"","format":"standard","meta":{"_acf_changed":false,"om_disable_all_campaigns":false,"footnotes":""},"categories":[8],"tags":[],"class_list":["post-2247","post","type-post","status-publish","format-standard","has-post-thumbnail","hentry","category-resenas-literarias"],"acf":[],"yoast_head":"<!-- This site is optimized with the Yoast SEO plugin v27.5 - https:\/\/yoast.com\/product\/yoast-seo-wordpress\/ -->\n<title>Llueve sobre Babel: espejo de lo inc\u00f3modo - Hecho en Cali<\/title>\n<meta name=\"robots\" content=\"index, follow, max-snippet:-1, max-image-preview:large, max-video-preview:-1\" \/>\n<link rel=\"canonical\" href=\"https:\/\/hechoencali.com\/periodismo\/2026\/04\/25\/llueve-sobre-babel-espejo-de-lo-incomodo\/\" \/>\n<meta property=\"og:locale\" content=\"es_ES\" \/>\n<meta property=\"og:type\" content=\"article\" \/>\n<meta property=\"og:title\" content=\"Llueve sobre Babel: espejo de lo inc\u00f3modo - Hecho en Cali\" \/>\n<meta property=\"og:description\" content=\"Rese\u00f1as literarias Llueve sobre Babel: espejo de lo inc\u00f3modo Abril 25 \u2013 2026 Por Peri\u00f3dico Mira Lee Cultural Este rese\u00f1a fue publicada por Mira Lee Peri\u00f3dico Cultural que nos ha permitido compartirla con ustedes Antes de dar nuestra rese\u00f1a sobre la peli queremos detallar 3 cosas importantes sobre la pel\u00edcula. La primera es como sin [&hellip;]\" \/>\n<meta property=\"og:url\" content=\"https:\/\/hechoencali.com\/periodismo\/2026\/04\/25\/llueve-sobre-babel-espejo-de-lo-incomodo\/\" \/>\n<meta property=\"og:site_name\" content=\"Hecho en Cali\" \/>\n<meta property=\"article:published_time\" content=\"2026-04-25T16:47:20+00:00\" \/>\n<meta property=\"article:modified_time\" content=\"2026-04-26T02:32:57+00:00\" \/>\n<meta property=\"og:image\" content=\"https:\/\/hechoencali.com\/periodismo\/wp-content\/uploads\/2026\/04\/Banner-Babel.jpg\" \/>\n\t<meta property=\"og:image:width\" content=\"1366\" \/>\n\t<meta property=\"og:image:height\" content=\"768\" \/>\n\t<meta property=\"og:image:type\" content=\"image\/jpeg\" \/>\n<meta name=\"author\" content=\"jorge\" \/>\n<meta name=\"twitter:card\" content=\"summary_large_image\" \/>\n<meta name=\"twitter:label1\" content=\"Escrito por\" \/>\n\t<meta name=\"twitter:data1\" content=\"jorge\" \/>\n\t<meta name=\"twitter:label2\" content=\"Tiempo de lectura\" \/>\n\t<meta name=\"twitter:data2\" content=\"1 minuto\" \/>\n<script type=\"application\/ld+json\" class=\"yoast-schema-graph\">{\"@context\":\"https:\\\/\\\/schema.org\",\"@graph\":[{\"@type\":\"Article\",\"@id\":\"https:\\\/\\\/hechoencali.com\\\/periodismo\\\/2026\\\/04\\\/25\\\/llueve-sobre-babel-espejo-de-lo-incomodo\\\/#article\",\"isPartOf\":{\"@id\":\"https:\\\/\\\/hechoencali.com\\\/periodismo\\\/2026\\\/04\\\/25\\\/llueve-sobre-babel-espejo-de-lo-incomodo\\\/\"},\"author\":{\"name\":\"jorge\",\"@id\":\"https:\\\/\\\/hechoencali.com\\\/periodismo\\\/#\\\/schema\\\/person\\\/4800407e0200d2346f4262b66443723e\"},\"headline\":\"Llueve sobre Babel: espejo de lo inc\u00f3modo\",\"datePublished\":\"2026-04-25T16:47:20+00:00\",\"dateModified\":\"2026-04-26T02:32:57+00:00\",\"mainEntityOfPage\":{\"@id\":\"https:\\\/\\\/hechoencali.com\\\/periodismo\\\/2026\\\/04\\\/25\\\/llueve-sobre-babel-espejo-de-lo-incomodo\\\/\"},\"wordCount\":446,\"commentCount\":0,\"publisher\":{\"@id\":\"https:\\\/\\\/hechoencali.com\\\/periodismo\\\/#organization\"},\"image\":{\"@id\":\"https:\\\/\\\/hechoencali.com\\\/periodismo\\\/2026\\\/04\\\/25\\\/llueve-sobre-babel-espejo-de-lo-incomodo\\\/#primaryimage\"},\"thumbnailUrl\":\"https:\\\/\\\/hechoencali.com\\\/periodismo\\\/wp-content\\\/uploads\\\/2026\\\/04\\\/Banner-Babel.jpg\",\"articleSection\":[\"Rese\u00f1as Literarias\"],\"inLanguage\":\"es\",\"potentialAction\":[{\"@type\":\"CommentAction\",\"name\":\"Comment\",\"target\":[\"https:\\\/\\\/hechoencali.com\\\/periodismo\\\/2026\\\/04\\\/25\\\/llueve-sobre-babel-espejo-de-lo-incomodo\\\/#respond\"]}]},{\"@type\":\"WebPage\",\"@id\":\"https:\\\/\\\/hechoencali.com\\\/periodismo\\\/2026\\\/04\\\/25\\\/llueve-sobre-babel-espejo-de-lo-incomodo\\\/\",\"url\":\"https:\\\/\\\/hechoencali.com\\\/periodismo\\\/2026\\\/04\\\/25\\\/llueve-sobre-babel-espejo-de-lo-incomodo\\\/\",\"name\":\"Llueve sobre Babel: espejo de lo inc\u00f3modo - Hecho en Cali\",\"isPartOf\":{\"@id\":\"https:\\\/\\\/hechoencali.com\\\/periodismo\\\/#website\"},\"primaryImageOfPage\":{\"@id\":\"https:\\\/\\\/hechoencali.com\\\/periodismo\\\/2026\\\/04\\\/25\\\/llueve-sobre-babel-espejo-de-lo-incomodo\\\/#primaryimage\"},\"image\":{\"@id\":\"https:\\\/\\\/hechoencali.com\\\/periodismo\\\/2026\\\/04\\\/25\\\/llueve-sobre-babel-espejo-de-lo-incomodo\\\/#primaryimage\"},\"thumbnailUrl\":\"https:\\\/\\\/hechoencali.com\\\/periodismo\\\/wp-content\\\/uploads\\\/2026\\\/04\\\/Banner-Babel.jpg\",\"datePublished\":\"2026-04-25T16:47:20+00:00\",\"dateModified\":\"2026-04-26T02:32:57+00:00\",\"breadcrumb\":{\"@id\":\"https:\\\/\\\/hechoencali.com\\\/periodismo\\\/2026\\\/04\\\/25\\\/llueve-sobre-babel-espejo-de-lo-incomodo\\\/#breadcrumb\"},\"inLanguage\":\"es\",\"potentialAction\":[{\"@type\":\"ReadAction\",\"target\":[\"https:\\\/\\\/hechoencali.com\\\/periodismo\\\/2026\\\/04\\\/25\\\/llueve-sobre-babel-espejo-de-lo-incomodo\\\/\"]}]},{\"@type\":\"ImageObject\",\"inLanguage\":\"es\",\"@id\":\"https:\\\/\\\/hechoencali.com\\\/periodismo\\\/2026\\\/04\\\/25\\\/llueve-sobre-babel-espejo-de-lo-incomodo\\\/#primaryimage\",\"url\":\"https:\\\/\\\/hechoencali.com\\\/periodismo\\\/wp-content\\\/uploads\\\/2026\\\/04\\\/Banner-Babel.jpg\",\"contentUrl\":\"https:\\\/\\\/hechoencali.com\\\/periodismo\\\/wp-content\\\/uploads\\\/2026\\\/04\\\/Banner-Babel.jpg\",\"width\":1366,\"height\":768},{\"@type\":\"BreadcrumbList\",\"@id\":\"https:\\\/\\\/hechoencali.com\\\/periodismo\\\/2026\\\/04\\\/25\\\/llueve-sobre-babel-espejo-de-lo-incomodo\\\/#breadcrumb\",\"itemListElement\":[{\"@type\":\"ListItem\",\"position\":1,\"name\":\"Portada\",\"item\":\"https:\\\/\\\/hechoencali.com\\\/periodismo\\\/\"},{\"@type\":\"ListItem\",\"position\":2,\"name\":\"Llueve sobre Babel: espejo de lo inc\u00f3modo\"}]},{\"@type\":\"WebSite\",\"@id\":\"https:\\\/\\\/hechoencali.com\\\/periodismo\\\/#website\",\"url\":\"https:\\\/\\\/hechoencali.com\\\/periodismo\\\/\",\"name\":\"Hecho en Cali\",\"description\":\"Periodismo de Derechos Humanos\",\"publisher\":{\"@id\":\"https:\\\/\\\/hechoencali.com\\\/periodismo\\\/#organization\"},\"potentialAction\":[{\"@type\":\"SearchAction\",\"target\":{\"@type\":\"EntryPoint\",\"urlTemplate\":\"https:\\\/\\\/hechoencali.com\\\/periodismo\\\/?s={search_term_string}\"},\"query-input\":{\"@type\":\"PropertyValueSpecification\",\"valueRequired\":true,\"valueName\":\"search_term_string\"}}],\"inLanguage\":\"es\"},{\"@type\":\"Organization\",\"@id\":\"https:\\\/\\\/hechoencali.com\\\/periodismo\\\/#organization\",\"name\":\"Hecho en Cali\",\"url\":\"https:\\\/\\\/hechoencali.com\\\/periodismo\\\/\",\"logo\":{\"@type\":\"ImageObject\",\"inLanguage\":\"es\",\"@id\":\"https:\\\/\\\/hechoencali.com\\\/periodismo\\\/#\\\/schema\\\/logo\\\/image\\\/\",\"url\":\"https:\\\/\\\/hechoencali.com\\\/periodismo\\\/wp-content\\\/uploads\\\/2023\\\/09\\\/logoweb-d5deb173.png\",\"contentUrl\":\"https:\\\/\\\/hechoencali.com\\\/periodismo\\\/wp-content\\\/uploads\\\/2023\\\/09\\\/logoweb-d5deb173.png\",\"width\":120,\"height\":120,\"caption\":\"Hecho en Cali\"},\"image\":{\"@id\":\"https:\\\/\\\/hechoencali.com\\\/periodismo\\\/#\\\/schema\\\/logo\\\/image\\\/\"}},{\"@type\":\"Person\",\"@id\":\"https:\\\/\\\/hechoencali.com\\\/periodismo\\\/#\\\/schema\\\/person\\\/4800407e0200d2346f4262b66443723e\",\"name\":\"jorge\",\"image\":{\"@type\":\"ImageObject\",\"inLanguage\":\"es\",\"@id\":\"https:\\\/\\\/secure.gravatar.com\\\/avatar\\\/d7134147696def7b1d417e47611a014d57e9618607a17a77f79f0eb19f7262a4?s=96&d=mm&r=g\",\"url\":\"https:\\\/\\\/secure.gravatar.com\\\/avatar\\\/d7134147696def7b1d417e47611a014d57e9618607a17a77f79f0eb19f7262a4?s=96&d=mm&r=g\",\"contentUrl\":\"https:\\\/\\\/secure.gravatar.com\\\/avatar\\\/d7134147696def7b1d417e47611a014d57e9618607a17a77f79f0eb19f7262a4?s=96&d=mm&r=g\",\"caption\":\"jorge\"},\"sameAs\":[\"https:\\\/\\\/hechoencali.com\\\/periodismo\"],\"url\":\"https:\\\/\\\/hechoencali.com\\\/periodismo\\\/author\\\/jorge\\\/\"}]}<\/script>\n<!-- \/ Yoast SEO plugin. -->","yoast_head_json":{"title":"Llueve sobre Babel: espejo de lo inc\u00f3modo - Hecho en Cali","robots":{"index":"index","follow":"follow","max-snippet":"max-snippet:-1","max-image-preview":"max-image-preview:large","max-video-preview":"max-video-preview:-1"},"canonical":"https:\/\/hechoencali.com\/periodismo\/2026\/04\/25\/llueve-sobre-babel-espejo-de-lo-incomodo\/","og_locale":"es_ES","og_type":"article","og_title":"Llueve sobre Babel: espejo de lo inc\u00f3modo - Hecho en Cali","og_description":"Rese\u00f1as literarias Llueve sobre Babel: espejo de lo inc\u00f3modo Abril 25 \u2013 2026 Por Peri\u00f3dico Mira Lee Cultural Este rese\u00f1a fue publicada por Mira Lee Peri\u00f3dico Cultural que nos ha permitido compartirla con ustedes Antes de dar nuestra rese\u00f1a sobre la peli queremos detallar 3 cosas importantes sobre la pel\u00edcula. La primera es como sin [&hellip;]","og_url":"https:\/\/hechoencali.com\/periodismo\/2026\/04\/25\/llueve-sobre-babel-espejo-de-lo-incomodo\/","og_site_name":"Hecho en Cali","article_published_time":"2026-04-25T16:47:20+00:00","article_modified_time":"2026-04-26T02:32:57+00:00","og_image":[{"width":1366,"height":768,"url":"https:\/\/hechoencali.com\/periodismo\/wp-content\/uploads\/2026\/04\/Banner-Babel.jpg","type":"image\/jpeg"}],"author":"jorge","twitter_card":"summary_large_image","twitter_misc":{"Escrito por":"jorge","Tiempo de lectura":"1 minuto"},"schema":{"@context":"https:\/\/schema.org","@graph":[{"@type":"Article","@id":"https:\/\/hechoencali.com\/periodismo\/2026\/04\/25\/llueve-sobre-babel-espejo-de-lo-incomodo\/#article","isPartOf":{"@id":"https:\/\/hechoencali.com\/periodismo\/2026\/04\/25\/llueve-sobre-babel-espejo-de-lo-incomodo\/"},"author":{"name":"jorge","@id":"https:\/\/hechoencali.com\/periodismo\/#\/schema\/person\/4800407e0200d2346f4262b66443723e"},"headline":"Llueve sobre Babel: espejo de lo inc\u00f3modo","datePublished":"2026-04-25T16:47:20+00:00","dateModified":"2026-04-26T02:32:57+00:00","mainEntityOfPage":{"@id":"https:\/\/hechoencali.com\/periodismo\/2026\/04\/25\/llueve-sobre-babel-espejo-de-lo-incomodo\/"},"wordCount":446,"commentCount":0,"publisher":{"@id":"https:\/\/hechoencali.com\/periodismo\/#organization"},"image":{"@id":"https:\/\/hechoencali.com\/periodismo\/2026\/04\/25\/llueve-sobre-babel-espejo-de-lo-incomodo\/#primaryimage"},"thumbnailUrl":"https:\/\/hechoencali.com\/periodismo\/wp-content\/uploads\/2026\/04\/Banner-Babel.jpg","articleSection":["Rese\u00f1as Literarias"],"inLanguage":"es","potentialAction":[{"@type":"CommentAction","name":"Comment","target":["https:\/\/hechoencali.com\/periodismo\/2026\/04\/25\/llueve-sobre-babel-espejo-de-lo-incomodo\/#respond"]}]},{"@type":"WebPage","@id":"https:\/\/hechoencali.com\/periodismo\/2026\/04\/25\/llueve-sobre-babel-espejo-de-lo-incomodo\/","url":"https:\/\/hechoencali.com\/periodismo\/2026\/04\/25\/llueve-sobre-babel-espejo-de-lo-incomodo\/","name":"Llueve sobre Babel: espejo de lo inc\u00f3modo - Hecho en Cali","isPartOf":{"@id":"https:\/\/hechoencali.com\/periodismo\/#website"},"primaryImageOfPage":{"@id":"https:\/\/hechoencali.com\/periodismo\/2026\/04\/25\/llueve-sobre-babel-espejo-de-lo-incomodo\/#primaryimage"},"image":{"@id":"https:\/\/hechoencali.com\/periodismo\/2026\/04\/25\/llueve-sobre-babel-espejo-de-lo-incomodo\/#primaryimage"},"thumbnailUrl":"https:\/\/hechoencali.com\/periodismo\/wp-content\/uploads\/2026\/04\/Banner-Babel.jpg","datePublished":"2026-04-25T16:47:20+00:00","dateModified":"2026-04-26T02:32:57+00:00","breadcrumb":{"@id":"https:\/\/hechoencali.com\/periodismo\/2026\/04\/25\/llueve-sobre-babel-espejo-de-lo-incomodo\/#breadcrumb"},"inLanguage":"es","potentialAction":[{"@type":"ReadAction","target":["https:\/\/hechoencali.com\/periodismo\/2026\/04\/25\/llueve-sobre-babel-espejo-de-lo-incomodo\/"]}]},{"@type":"ImageObject","inLanguage":"es","@id":"https:\/\/hechoencali.com\/periodismo\/2026\/04\/25\/llueve-sobre-babel-espejo-de-lo-incomodo\/#primaryimage","url":"https:\/\/hechoencali.com\/periodismo\/wp-content\/uploads\/2026\/04\/Banner-Babel.jpg","contentUrl":"https:\/\/hechoencali.com\/periodismo\/wp-content\/uploads\/2026\/04\/Banner-Babel.jpg","width":1366,"height":768},{"@type":"BreadcrumbList","@id":"https:\/\/hechoencali.com\/periodismo\/2026\/04\/25\/llueve-sobre-babel-espejo-de-lo-incomodo\/#breadcrumb","itemListElement":[{"@type":"ListItem","position":1,"name":"Portada","item":"https:\/\/hechoencali.com\/periodismo\/"},{"@type":"ListItem","position":2,"name":"Llueve sobre Babel: espejo de lo inc\u00f3modo"}]},{"@type":"WebSite","@id":"https:\/\/hechoencali.com\/periodismo\/#website","url":"https:\/\/hechoencali.com\/periodismo\/","name":"Hecho en Cali","description":"Periodismo de Derechos Humanos","publisher":{"@id":"https:\/\/hechoencali.com\/periodismo\/#organization"},"potentialAction":[{"@type":"SearchAction","target":{"@type":"EntryPoint","urlTemplate":"https:\/\/hechoencali.com\/periodismo\/?s={search_term_string}"},"query-input":{"@type":"PropertyValueSpecification","valueRequired":true,"valueName":"search_term_string"}}],"inLanguage":"es"},{"@type":"Organization","@id":"https:\/\/hechoencali.com\/periodismo\/#organization","name":"Hecho en Cali","url":"https:\/\/hechoencali.com\/periodismo\/","logo":{"@type":"ImageObject","inLanguage":"es","@id":"https:\/\/hechoencali.com\/periodismo\/#\/schema\/logo\/image\/","url":"https:\/\/hechoencali.com\/periodismo\/wp-content\/uploads\/2023\/09\/logoweb-d5deb173.png","contentUrl":"https:\/\/hechoencali.com\/periodismo\/wp-content\/uploads\/2023\/09\/logoweb-d5deb173.png","width":120,"height":120,"caption":"Hecho en Cali"},"image":{"@id":"https:\/\/hechoencali.com\/periodismo\/#\/schema\/logo\/image\/"}},{"@type":"Person","@id":"https:\/\/hechoencali.com\/periodismo\/#\/schema\/person\/4800407e0200d2346f4262b66443723e","name":"jorge","image":{"@type":"ImageObject","inLanguage":"es","@id":"https:\/\/secure.gravatar.com\/avatar\/d7134147696def7b1d417e47611a014d57e9618607a17a77f79f0eb19f7262a4?s=96&d=mm&r=g","url":"https:\/\/secure.gravatar.com\/avatar\/d7134147696def7b1d417e47611a014d57e9618607a17a77f79f0eb19f7262a4?s=96&d=mm&r=g","contentUrl":"https:\/\/secure.gravatar.com\/avatar\/d7134147696def7b1d417e47611a014d57e9618607a17a77f79f0eb19f7262a4?s=96&d=mm&r=g","caption":"jorge"},"sameAs":["https:\/\/hechoencali.com\/periodismo"],"url":"https:\/\/hechoencali.com\/periodismo\/author\/jorge\/"}]}},"_links":{"self":[{"href":"https:\/\/hechoencali.com\/periodismo\/wp-json\/wp\/v2\/posts\/2247","targetHints":{"allow":["GET"]}}],"collection":[{"href":"https:\/\/hechoencali.com\/periodismo\/wp-json\/wp\/v2\/posts"}],"about":[{"href":"https:\/\/hechoencali.com\/periodismo\/wp-json\/wp\/v2\/types\/post"}],"author":[{"embeddable":true,"href":"https:\/\/hechoencali.com\/periodismo\/wp-json\/wp\/v2\/users\/1"}],"replies":[{"embeddable":true,"href":"https:\/\/hechoencali.com\/periodismo\/wp-json\/wp\/v2\/comments?post=2247"}],"version-history":[{"count":5,"href":"https:\/\/hechoencali.com\/periodismo\/wp-json\/wp\/v2\/posts\/2247\/revisions"}],"predecessor-version":[{"id":2263,"href":"https:\/\/hechoencali.com\/periodismo\/wp-json\/wp\/v2\/posts\/2247\/revisions\/2263"}],"wp:featuredmedia":[{"embeddable":true,"href":"https:\/\/hechoencali.com\/periodismo\/wp-json\/wp\/v2\/media\/2248"}],"wp:attachment":[{"href":"https:\/\/hechoencali.com\/periodismo\/wp-json\/wp\/v2\/media?parent=2247"}],"wp:term":[{"taxonomy":"category","embeddable":true,"href":"https:\/\/hechoencali.com\/periodismo\/wp-json\/wp\/v2\/categories?post=2247"},{"taxonomy":"post_tag","embeddable":true,"href":"https:\/\/hechoencali.com\/periodismo\/wp-json\/wp\/v2\/tags?post=2247"}],"curies":[{"name":"wp","href":"https:\/\/api.w.org\/{rel}","templated":true}]}}